{"id":36285,"date":"2015-06-24T21:45:58","date_gmt":"2015-06-24T19:45:58","guid":{"rendered":"http:\/\/triatletasenred.com\/?p=36285"},"modified":"2015-06-24T22:31:09","modified_gmt":"2015-06-24T20:31:09","slug":"mayalen-noriega-el-guia-siempre-tiene-que-ir-un-paso-por-delante","status":"publish","type":"post","link":"https:\/\/miurltemporal.com/main/triatletasenred.sport.es\/entrevistas-triatlon\/mayalen-noriega-el-guia-siempre-tiene-que-ir-un-paso-por-delante\/","title":{"rendered":"Mayalen Noriega: &#8220;La gu\u00eda siempre tiene que ir un paso por delante&#8221;"},"content":{"rendered":"<p style=\"text-align: justify;\"><strong>MAYALEN Y SUSANA: CAP\u00cdTULO <em>1<\/em><\/strong><\/p>\n<p style=\"text-align: justify;\"><strong>Mayalen Noriega Belausteguigoitia. Nacida en M\u00e9xico, criada en Catalu\u00f1a y con ra\u00edces vascas, es una deportista todoterreno dif\u00edcil de calificar. Ganadora de un reality y poseedora de un Guiness World Record, pocas cosas se le resisten en este mundo. Se lanz\u00f3 a una piscina con 12 a\u00f1os y a punto estuvo de ir a los Juegos Ol\u00edmpicos de Sidney. Un sue\u00f1o que cumpli\u00f3 en Londres 2012, ya como gu\u00eda de una deportista con discapacidad. Le gust\u00f3 tanto la experiencia que repiti\u00f3, esta vez con Susana Rodr\u00edguez, con la que ha alcanzado grandes\u00a0\u00e9xitos. Campeonas del mundo de triatl\u00f3n y duatl\u00f3n, buscan la clasificaci\u00f3n para los Juegos Ol\u00edmpicos de 2016. Una medalla en R\u00edo ser\u00eda la guinda al pastel.<\/strong><\/p>\n<p style=\"text-align: justify;\"><strong>Susana y Mayalen. Deportista y gu\u00eda. Ambas forman una dupla inquebrantable. Como si se conocieran de toda la vida, han logrado alcanzar un fuerte v\u00ednculo emocional. Hemos querido hablar con ellas y profundizar en la estrecha relaci\u00f3n que han formado, basada en la confianza. En esta primera entrega charlamos con Mayalen, tanto de su faceta como gu\u00eda (Parte 1) como de su extenso historial deportivo (Parte 2).<\/strong><\/p>\n<p style=\"text-align: justify;\"><strong>Parte 1<\/strong><\/p>\n<p style=\"text-align: justify;\"><strong>Tu experiencia como gu\u00eda empieza en 2010 con Josefa Ben\u00edtez. \u00bfC\u00f3mo surge la idea?<\/strong><\/p>\n<p style=\"text-align: justify;\">En aquel momento estaba en el C.N. Matar\u00f3 y me romp\u00ed dos dedos del pie. No pod\u00eda correr y el marido de la fisioterapeuta que me estaba tratando era entrenador y estaba buscando una gu\u00eda de ciclismo. Despu\u00e9s ya habl\u00e9 con Josefa y empezamos a probar el t\u00e1ndem en 2010. En el vel\u00f3dromo de Horta nos dejaron un t\u00e1ndem y empezamos a probar y a entrenar. Nuestra primera competici\u00f3n fue un Campeonato de Espa\u00f1a de vel\u00f3dromo y luego ya nos pasamos a la carretera. Conseguimos entrar en la selecci\u00f3n y de esta manera llegamos a los Juegos Ol\u00edmpicos de Londres.<\/p>\n<p style=\"text-align: justify;\"><strong>Y el resultado en Londres es\u00a0espectacular: medalla de plata. \u00bfEstaba dentro de las previsiones?\u00a0<\/strong><\/p>\n<p style=\"text-align: justify;\">En esa prueba en concreto no, ya que nuestra especialidad era la crono. Pero ya se sabe que las cronos salen como salen a veces y nosotras acabamos sextas. Pero el mal sabor de boca se march\u00f3 con la medalla en la prueba de l\u00ednea. La mayor\u00eda de pa\u00edses llevaban dos parejas y en Espa\u00f1a solo est\u00e1bamos nosotras. Pero hicimos nuestra apuesta y sali\u00f3 bien.<\/p>\n<p style=\"text-align: justify;\"><strong>\u00bfQu\u00e9 te aporta ser gu\u00eda de un deportista?<\/strong><\/p>\n<p style=\"text-align: justify;\">Ves las cosas de diferente manera. Estamos acostumbrados a correr siempre individualmente y con el t\u00e1ndem eres un equipo. Tienes que compartir. Las dos tenemos d\u00edas malos y tenemos que apoyarnos mutuamente. Me gusta mucho compartir y formar parte de un equipo.<\/p>\n<p style=\"text-align: justify;\"><strong>Llevar el ritmo, orientar al compa\u00f1ero\u2026 La tarea de gu\u00eda va m\u00e1s all\u00e1 de adaptarse al compa\u00f1ero.<\/strong><\/p>\n<p style=\"text-align: justify;\">S\u00ed, realmente tienes mucha responsabilidad porque no solo corres t\u00fa. Tienes que ir pensando todo lo que tiene que saber el compa\u00f1ero. Cuando terminas de nadar y vas a la transici\u00f3n, no solo haces la tuya sino tambi\u00e9n tienes que pensar en su transici\u00f3n. Quitar la cuerda, quitar el casco, el neopreno, subirse a la bici&#8230; Tienes que pensar por doble e ir viendo y pensando lo que est\u00e1 pasando alrededor. Por ejemplo, si vas corriendo es muy importante indicar si hay giros, agujeros&#8230; Siempre tienes que ir un paso por delante, tienes que adelantarte para poder tomar decisiones. Yo estoy acostumbrada a competir y si un d\u00eda a m\u00ed me sale mal, pues me sale mal, pero aqu\u00ed somos dos y tienes la presi\u00f3n que tiene que salir bien.<\/p>\n<p style=\"text-align: justify;\"><strong>\u00bfSin compenetraci\u00f3n no hay \u00e9xito?<\/strong><\/p>\n<p style=\"text-align: justify;\">Creo que tiene que haber una compenetraci\u00f3n. Somos compa\u00f1eras, amigas, equipo y todo. Nos conocemos perfectamente y s\u00e9 c\u00f3mo empieza, si est\u00e1 bien o no, si lo est\u00e1 dando todo, si puede dar un poquito m\u00e1s o no&#8230; Al final son tantos entrenamientos, d\u00edas y a\u00f1os juntas que sabes perfectamente todo sobre la persona.<\/p>\n<p style=\"text-align: justify;\"><strong>\u00bfQu\u00e9 diferencias has notado\u00a0entre las\u00a0experiencias de Josefa y Susana?\u00a0<\/strong><\/p>\n<p style=\"text-align: justify;\">Al final son dos deportes distintos y el ciclismo no tiene nada que ver con el triatl\u00f3n. En ciclismo vas con t\u00e1ndem, que evidentemente requiere de una gran coordinaci\u00f3n pero es m\u00e1s f\u00e1cil. En triatl\u00f3n es Susana quien nada y corre, yo solo gu\u00edo, ella pone el ritmo. Es en el sector de ciclismo donde quiz\u00e1 la puedo ayudar m\u00e1s.<\/p>\n<p style=\"text-align: justify;\"><strong>Susana se ha convertido ya en una perfecta compa\u00f1era de vivencias y de fatigas. \u00bfQu\u00e9 destacas de ella?<\/strong><\/p>\n<p style=\"text-align: justify;\">Es una luchadora. No le digas que no. No se te ocurra decirle que no a nada porque te va a ense\u00f1ar como s\u00ed se puede. Es impresionante todo lo que logra y los \u00e9xitos que acumula. Nada se le resiste (r\u00ede).<\/p>\n<p style=\"text-align: justify;\"><strong>\u00bfCon qu\u00e9 dificultades te has encontrado haciendo de gu\u00eda de triatl\u00f3n?<\/strong><\/p>\n<p style=\"text-align: justify;\">Sin duda, el triatl\u00f3n es m\u00e1s dif\u00edcil porque son tres deportes en uno. En ciclismo es relativamente f\u00e1cil mientras encuentres a alguien que ruede bien en bici pero es dif\u00edcil encontrar un ciclista que nada y corra bien. Susana nada\u00a0muy bien y corre\u00a0muy bien y es dif\u00edcil adaptarse a su nivel. Cuando me romp\u00ed la escapula en 2013 Susana estuvo buscando un gu\u00eda y no es tan f\u00e1cil. A parte que llevamos tanto tiempo que ya nos sabemos compaginar. La nataci\u00f3n es muy complicada y requiere un tiempo para conocerse y muchas horas en la piscina y en el mar. Despu\u00e9s el t\u00e1ndem tambi\u00e9n es complicado, ponerse las zapatillas&#8230; Son muchas cosas.<\/p>\n<p style=\"text-align: justify;\"><strong>Campeonas del mundo y de Europa de triatl\u00f3n, tambi\u00e9n del mundo de duatl\u00f3n. \u00bfCon estos resultados a\u00fan hay Mayalen-Susana para rato?<\/strong><\/p>\n<p style=\"text-align: justify;\">Yo espero que s\u00ed. Ahora mismo estamos en Sierra Nevada entrenando como locas. La gente nos pregunta por qu\u00e9 entrenamos tanto. Nuestro entrenador Lu\u00eds Pi\u00f1a es quien nos est\u00e1 llevando y hacemos casi 5 sesiones al d\u00eda. Pero bien, disfrutamos y lo pasamos bien.<\/p>\n<p style=\"text-align: justify;\"><strong>\u00bfLos Juegos Ol\u00edmpicos de R\u00edo 2016 ser\u00eda la culminaci\u00f3n de una relaci\u00f3n de \u00e9xito?<\/strong><\/p>\n<p style=\"text-align: justify;\">Desde que empezamos que era y es un sue\u00f1o. Si podemos llegar y conseguir algo ser\u00eda la culminaci\u00f3n de un sue\u00f1o. Estamos bien encaminadas para conseguir la plaza pero a\u00fan nos queda camino por hacer. Es una lucha de d\u00eda a d\u00eda e ir viendo. Ahora han puesto un sistema muy complicado para acceder a las carreras pero estamos bien posicionadas en el ranking y la clasificaci\u00f3n empezar\u00e1 con el Europeo. Tambi\u00e9n es dif\u00edcil por los viajes porque la Federaci\u00f3n solo nos ayuda con el Europeo y el Mundial y lo dem\u00e1s, por suerte, tenemos a patrocinadores que nos ayudan.<\/p>\n<p style=\"text-align: justify;\"><strong>\u00bfY desde aqu\u00ed qu\u00e9 mensaje le dejas a Susana?<\/strong><\/p>\n<p style=\"text-align: justify;\">A Su le dir\u00eda que siga luchando porque va a llegar donde ella se proponga.<\/p>\n<p style=\"text-align: justify;\"><strong>Parte 2<\/strong><\/p>\n<p style=\"text-align: justify;\"><strong>Solo tu historial deportivo ya merece un libro. \u00bfCu\u00e1ndo descansas?<\/strong><\/p>\n<p style=\"text-align: justify;\">Creo que es una forma de vida. Yo el deporte me lo he tomado as\u00ed y me encanta. Me encanta la competici\u00f3n y disfrutar de todos los sitios donde he podido ir y toda la gente que he podido conocer.<\/p>\n<p style=\"text-align: justify;\"><strong>En tus inicios nataci\u00f3n, despu\u00e9s esqu\u00ed, ciclismo, triatl\u00f3n\u2026 \u00bfCon cu\u00e1l te quedas?<\/strong><\/p>\n<p style=\"text-align: justify;\">El ciclismo. Me encanta la libertad que te da. En Sierra Nevada mismo coges la bici y puedes llegar hasta el mar, por todas las carreteras que quieras&#8230; Me encanta estar horas y horas sobre la bici.<\/p>\n<p style=\"text-align: justify;\"><strong>\u00bfHas pensado en el momento que tengas que dejar de practicar deporte?<\/strong><\/p>\n<p style=\"text-align: justify;\">Yo espero que pueda hacer deporte toda la vida. Claro, no a este nivel. Pero es una forma de vida y no quiero renunciar a ella. \u00bfQue se va a acabar la competici\u00f3n? S\u00ed, pero por ahora lo voy a explotar hasta que el cuerpo me lo permita.<\/p>\n<p style=\"text-align: justify;\"><strong>En tu palmar\u00e9s figura la victoria en el\u00a0reality show mexicano \u201cFear Factor\u201d. \u00bfQu\u00e9 tal la experiencia?<\/strong><\/p>\n<p style=\"text-align: justify;\">Fue una locura (r\u00ede). La verdad es que me dejo enga\u00f1ar f\u00e1cil. El novio de mi prima era el productor y se ve que les faltaban chicas y me llamaron un d\u00eda. Les dije que s\u00ed y nos fuimos a Argentina a grabarlo. El reality consist\u00eda b\u00e1sicamente en hacer tonter\u00edas.\u00a0La prueba final consist\u00eda en llevar un coche, saltar por una rampa con solo dos ruedas, las del lado izquierdo, y una vez hab\u00edas saltado la rampa explotaba y el coche que llegara m\u00e1s lejos ganaba. Por suerte, mi padre lo vio cuando ya hab\u00eda vuelto a M\u00e9xico porque sino me hubiera matado (r\u00ede).<\/p>\n<p style=\"text-align: justify;\"><strong>Y para terminar, alguna prueba que tengas pendiente?<\/strong><\/p>\n<p style=\"text-align: justify;\">Quiz\u00e1 el Ironman de Haw\u00e1i. De hecho, con Susana hemos dicho que si los Juegos Ol\u00edmpicos de R\u00edo salen bien, haremos un Ironman. Y ser\u00eda mi ilusi\u00f3n que fuera el de Kona. Veo dif\u00edcil el sector de carrera a pie, porque correr 5 o 10 km juntas bien, pero una marat\u00f3n&#8230; Eso despu\u00e9s de 180 en t\u00e1ndem. Muy duro. Pero ser\u00eda el regalo que nos har\u00edamos a nosotras mismas. Pero Susana tambi\u00e9n me ha dicho que quiere hacer la Titan Desert.<\/p>\n","protected":false},"excerpt":{"rendered":"<p>Mayalen y Susana. Gu\u00eda y deportista. Campeonas del mundo de triatl\u00f3n, forman una pareja inquebrantable. Primero, hablamos con Mayalen de su papel de gu\u00eda.<\/p>\n","protected":false},"author":23,"featured_media":36302,"comment_status":"open","ping_status":"open","sticky":false,"template":"","format":"standard","meta":{"_acf_changed":false,"rank_math_lock_modified_date":false,"footnotes":""},"categories":[17,10],"tags":[3436,3353,3437,1099,2776,24],"class_list":{"0":"post-36285","1":"post","2":"type-post","3":"status-publish","4":"format-standard","5":"has-post-thumbnail","7":"category-actualidad","8":"category-entrevistas-triatlon","9":"tag-mayalen","10":"tag-mayalen-noriega","11":"tag-noriega","12":"tag-paratriatlon","13":"tag-susana-rodriguez","14":"tag-triatlon"},"acf":[],"_links":{"self":[{"href":"https:\/\/miurltemporal.com/main/triatletasenred.sport.es\/wp-json\/wp\/v2\/posts\/36285"}],"collection":[{"href":"https:\/\/miurltemporal.com/main/triatletasenred.sport.es\/wp-json\/wp\/v2\/posts"}],"about":[{"href":"https:\/\/miurltemporal.com/main/triatletasenred.sport.es\/wp-json\/wp\/v2\/types\/post"}],"author":[{"embeddable":true,"href":"https:\/\/miurltemporal.com/main/triatletasenred.sport.es\/wp-json\/wp\/v2\/users\/23"}],"replies":[{"embeddable":true,"href":"https:\/\/miurltemporal.com/main/triatletasenred.sport.es\/wp-json\/wp\/v2\/comments?post=36285"}],"version-history":[{"count":0,"href":"https:\/\/miurltemporal.com/main/triatletasenred.sport.es\/wp-json\/wp\/v2\/posts\/36285\/revisions"}],"wp:featuredmedia":[{"embeddable":true,"href":"https:\/\/miurltemporal.com/main/triatletasenred.sport.es\/wp-json\/wp\/v2\/media\/36302"}],"wp:attachment":[{"href":"https:\/\/miurltemporal.com/main/triatletasenred.sport.es\/wp-json\/wp\/v2\/media?parent=36285"}],"wp:term":[{"taxonomy":"category","embeddable":true,"href":"https:\/\/miurltemporal.com/main/triatletasenred.sport.es\/wp-json\/wp\/v2\/categories?post=36285"},{"taxonomy":"post_tag","embeddable":true,"href":"https:\/\/miurltemporal.com/main/triatletasenred.sport.es\/wp-json\/wp\/v2\/tags?post=36285"}],"curies":[{"name":"wp","href":"https:\/\/api.w.org\/{rel}","templated":true}]}}