{"id":36196,"date":"2015-06-20T19:26:55","date_gmt":"2015-06-20T17:26:55","guid":{"rendered":"http:\/\/triatletasenred.com\/?p=36196"},"modified":"2015-06-20T19:26:55","modified_gmt":"2015-06-20T17:26:55","slug":"roger-serrano-segundo-en-xterra-grecia","status":"publish","type":"post","link":"https:\/\/miurltemporal.com/main/triatletasenred.sport.es\/actualidad\/roger-serrano-segundo-en-xterra-grecia\/","title":{"rendered":"Roger Serrano, segundo en XTERRA Grecia"},"content":{"rendered":"<p style=\"text-align: justify;\">El catal\u00e1n Roger Serrano ha finalizado segundo en el XTERRA European Tour de Grecia, disputado este s\u00e1bado en el pa\u00eds heleno. Como suele ser habitual en \u00e9l, Serrano ha liderado el sector de nataci\u00f3n, saliendo primero de la primera transici\u00f3n. Pero sobre el kil\u00f3metro cinco de ciclismo, Carloni le ha superado. &#8220;Hoy Carloni ha nadado muy bien y me ha cogido muy r\u00e1pido&#8221; explicaba Serrano para Triatletas en Red tras la carrera.<\/p>\n<p style=\"text-align: justify;\">Serrano ha entrado segundo en la transici\u00f3n a poco m\u00e1s de un minuto del l\u00edder de la carrera, Carloni. A partir de ah\u00ed ha empezado la remontada de Kris Coddens, que sal\u00eda tercero de la transici\u00f3n y que finalmente se ha impuesto en la l\u00ednea de meta. &#8220;En el kil\u00f3metro tres, Coddens me ha adelantado bastante r\u00e1pido, pero en el ocho yo he podido superar a Carloni y he acabado segundo&#8221; explicaba Serrano. El tambi\u00e9n catal\u00e1n Albert Soley ha finalizado sexto.<\/p>\n<p style=\"text-align: justify;\">Foto: Orbea<\/p>\n<p style=\"text-align: justify;\"><a href=\"http:\/\/www.clifbar.com\/\" target=\"_blank\" rel=\"nofollow noopener\"><img decoding=\"async\" class=\"alignnone  wp-image-34545\" src=\"https:\/\/miurltemporal.com/main/triatletasenred.sport.es\/wp-content\/uploads\/Banner_CLIF_Rtriatletasenred_270x100.gif\" alt=\"Banner_CLIF_Rtriatletasenred_270x100\" width=\"327\" height=\"121\" \/><\/a><\/p>\n","protected":false},"excerpt":{"rendered":"<p>El catal\u00e1n Roger Serrano ha finalizado segundo en XTERRA Grecia, disputada este s\u00e1bado. Albert Soley ha sido finalmente sexto.<\/p>\n","protected":false},"author":12,"featured_media":36202,"comment_status":"open","ping_status":"open","sticky":false,"template":"","format":"standard","meta":{"_acf_changed":false,"rank_math_lock_modified_date":false,"footnotes":""},"categories":[17,19,1191],"tags":[],"class_list":{"0":"post-36196","1":"post","2":"type-post","3":"status-publish","4":"format-standard","5":"has-post-thumbnail","7":"category-actualidad","8":"category-competiciones","9":"category-triatlon"},"acf":[],"_links":{"self":[{"href":"https:\/\/miurltemporal.com/main/triatletasenred.sport.es\/wp-json\/wp\/v2\/posts\/36196"}],"collection":[{"href":"https:\/\/miurltemporal.com/main/triatletasenred.sport.es\/wp-json\/wp\/v2\/posts"}],"about":[{"href":"https:\/\/miurltemporal.com/main/triatletasenred.sport.es\/wp-json\/wp\/v2\/types\/post"}],"author":[{"embeddable":true,"href":"https:\/\/miurltemporal.com/main/triatletasenred.sport.es\/wp-json\/wp\/v2\/users\/12"}],"replies":[{"embeddable":true,"href":"https:\/\/miurltemporal.com/main/triatletasenred.sport.es\/wp-json\/wp\/v2\/comments?post=36196"}],"version-history":[{"count":0,"href":"https:\/\/miurltemporal.com/main/triatletasenred.sport.es\/wp-json\/wp\/v2\/posts\/36196\/revisions"}],"wp:featuredmedia":[{"embeddable":true,"href":"https:\/\/miurltemporal.com/main/triatletasenred.sport.es\/wp-json\/wp\/v2\/media\/36202"}],"wp:attachment":[{"href":"https:\/\/miurltemporal.com/main/triatletasenred.sport.es\/wp-json\/wp\/v2\/media?parent=36196"}],"wp:term":[{"taxonomy":"category","embeddable":true,"href":"https:\/\/miurltemporal.com/main/triatletasenred.sport.es\/wp-json\/wp\/v2\/categories?post=36196"},{"taxonomy":"post_tag","embeddable":true,"href":"https:\/\/miurltemporal.com/main/triatletasenred.sport.es\/wp-json\/wp\/v2\/tags?post=36196"}],"curies":[{"name":"wp","href":"https:\/\/api.w.org\/{rel}","templated":true}]}}