{"id":36192,"date":"2015-06-20T13:07:15","date_gmt":"2015-06-20T11:07:15","guid":{"rendered":"http:\/\/triatletasenred.com\/?p=36192"},"modified":"2015-06-20T13:07:15","modified_gmt":"2015-06-20T11:07:15","slug":"ines-santiago-y-roberto-sanchez-campeones-de-espana-sprint-junior","status":"publish","type":"post","link":"https:\/\/miurltemporal.com/main/triatletasenred.sport.es\/actualidad\/ines-santiago-y-roberto-sanchez-campeones-de-espana-sprint-junior\/","title":{"rendered":"In\u00e9s Santiago y Roberto S\u00e1nchez, campeones de Espa\u00f1a Sprint j\u00fanior"},"content":{"rendered":"<p style=\"text-align: justify;\">In\u00e9s Santiago, del Triatl\u00f3n Ferrol, y Roberto S\u00e1nchez, de la Universidad de Alicante, se han proclamado campeones de Espa\u00f1a de triatl\u00f3n sprint en categor\u00eda j\u00fanior, en la prueba disputada este s\u00e1bado en Pontevedra. Tras In\u00e9s Santiago han entrado en meta Carmen G\u00f3mez y Claudia Luna. En categor\u00eda masculina, han completado el podio Ignacio Gonzalez y Andr\u00e9s Cend\u00e1n.<\/p>\n<p style=\"text-align: justify;\">Foto: FETRI<\/p>\n","protected":false},"excerpt":{"rendered":"<p>In\u00e9s Santiago y Roberto S\u00e1nchez se han proclamado campeones de Espa\u00f1a de Triatl\u00f3n Sprint en categor\u00eda j\u00fanior, en la prueba disputada este s\u00e1bado.<\/p>\n","protected":false},"author":12,"featured_media":36193,"comment_status":"open","ping_status":"open","sticky":false,"template":"","format":"standard","meta":{"_acf_changed":false,"rank_math_lock_modified_date":false,"footnotes":""},"categories":[17,19,1191],"tags":[],"class_list":{"0":"post-36192","1":"post","2":"type-post","3":"status-publish","4":"format-standard","5":"has-post-thumbnail","7":"category-actualidad","8":"category-competiciones","9":"category-triatlon"},"acf":[],"_links":{"self":[{"href":"https:\/\/miurltemporal.com/main/triatletasenred.sport.es\/wp-json\/wp\/v2\/posts\/36192"}],"collection":[{"href":"https:\/\/miurltemporal.com/main/triatletasenred.sport.es\/wp-json\/wp\/v2\/posts"}],"about":[{"href":"https:\/\/miurltemporal.com/main/triatletasenred.sport.es\/wp-json\/wp\/v2\/types\/post"}],"author":[{"embeddable":true,"href":"https:\/\/miurltemporal.com/main/triatletasenred.sport.es\/wp-json\/wp\/v2\/users\/12"}],"replies":[{"embeddable":true,"href":"https:\/\/miurltemporal.com/main/triatletasenred.sport.es\/wp-json\/wp\/v2\/comments?post=36192"}],"version-history":[{"count":0,"href":"https:\/\/miurltemporal.com/main/triatletasenred.sport.es\/wp-json\/wp\/v2\/posts\/36192\/revisions"}],"wp:featuredmedia":[{"embeddable":true,"href":"https:\/\/miurltemporal.com/main/triatletasenred.sport.es\/wp-json\/wp\/v2\/media\/36193"}],"wp:attachment":[{"href":"https:\/\/miurltemporal.com/main/triatletasenred.sport.es\/wp-json\/wp\/v2\/media?parent=36192"}],"wp:term":[{"taxonomy":"category","embeddable":true,"href":"https:\/\/miurltemporal.com/main/triatletasenred.sport.es\/wp-json\/wp\/v2\/categories?post=36192"},{"taxonomy":"post_tag","embeddable":true,"href":"https:\/\/miurltemporal.com/main/triatletasenred.sport.es\/wp-json\/wp\/v2\/tags?post=36192"}],"curies":[{"name":"wp","href":"https:\/\/api.w.org\/{rel}","templated":true}]}}