{"id":36188,"date":"2015-06-19T13:34:22","date_gmt":"2015-06-19T11:34:22","guid":{"rendered":"http:\/\/triatletasenred.com\/?p=36188"},"modified":"2016-02-26T16:45:14","modified_gmt":"2016-02-26T14:45:14","slug":"roger-serrano-y-albert-soley-en-el-xterra-grecia","status":"publish","type":"post","link":"https:\/\/miurltemporal.com/main/triatletasenred.sport.es\/actualidad\/roger-serrano-y-albert-soley-en-el-xterra-grecia\/","title":{"rendered":"Roger Serrano y Albert Soley, en el XTERRA Grecia"},"content":{"rendered":"<p style=\"text-align: justify;\">Este s\u00e1bado llega una nueva cita del circuito XTERRA Europa con el <a href=\"http:\/\/www.xterragreece.com\/en\/\" target=\"_blank\" rel=\"nofollow noopener\"><strong>XTERRA Grecia<\/strong><\/a>. La prueba\u00a0tendr\u00e1 lugar en\u00a0Lake Plastira, a unos 340km de Atenas, y representa la cuarta carrera\u00a0del circuito, tras Malta, Portugal y Espa\u00f1a, de un total de 12. La prueba es Campeonato de Grecia XTERRA y consta de 1,5km de nataci\u00f3n, 30 de mountain bike (con casi 1000 metros de desnivel acumulado) y 10 de trail running.\u00a0Desde ayer ya se encuentran en el pa\u00eds heleno\u00a0los catalanes <strong>Roger Serrano<\/strong> y <strong>Albert Soley<\/strong>, que estar\u00e1n en la l\u00ednea de salida de la carrera, que empezar\u00e1 ma\u00f1ana a las 11h.<\/p>\n<p style=\"text-align: justify;\">Ambos triatletas vienen de ocupar plazas de podio en la prueba de casa, en el XTERRA Espa\u00f1a que se corri\u00f3 en Plasencia (Extremadura). Tras un imparable Ruzafa, lleg\u00f3 segundo Soley y complet\u00f3 el podio Serrano. Precisamente, en esa carrera Serrano\u00a0qued\u00f3 justo por delante\u00a0de Francois Carloni. El franc\u00e9s ser\u00e1 uno de los principales rivales de los catalanes en Grecia en una prueba que ya\u00a0gan\u00f3 en 2014. Ese d\u00eda Carloni super\u00f3 a Serrano, que se perdi\u00f3 en el circuito de bici y no pudo luchar por la victoria.<\/p>\n","protected":false},"excerpt":{"rendered":"<p>Los catalanes Roger Serrano y Albert Soley disputar\u00e1n ma\u00f1ana el XTERRA Grecia, la cuarta prueba del circuito XTERRA Europa.<\/p>\n","protected":false},"author":23,"featured_media":36190,"comment_status":"open","ping_status":"open","sticky":false,"template":"","format":"standard","meta":{"_acf_changed":false,"rank_math_lock_modified_date":false,"footnotes":""},"categories":[17,19,1191],"tags":[3428,594,2022],"class_list":{"0":"post-36188","1":"post","2":"type-post","3":"status-publish","4":"format-standard","5":"has-post-thumbnail","7":"category-actualidad","8":"category-competiciones","9":"category-triatlon","10":"tag-albert-soley","11":"tag-roger-serrano","12":"tag-xterra"},"acf":[],"_links":{"self":[{"href":"https:\/\/miurltemporal.com/main/triatletasenred.sport.es\/wp-json\/wp\/v2\/posts\/36188"}],"collection":[{"href":"https:\/\/miurltemporal.com/main/triatletasenred.sport.es\/wp-json\/wp\/v2\/posts"}],"about":[{"href":"https:\/\/miurltemporal.com/main/triatletasenred.sport.es\/wp-json\/wp\/v2\/types\/post"}],"author":[{"embeddable":true,"href":"https:\/\/miurltemporal.com/main/triatletasenred.sport.es\/wp-json\/wp\/v2\/users\/23"}],"replies":[{"embeddable":true,"href":"https:\/\/miurltemporal.com/main/triatletasenred.sport.es\/wp-json\/wp\/v2\/comments?post=36188"}],"version-history":[{"count":0,"href":"https:\/\/miurltemporal.com/main/triatletasenred.sport.es\/wp-json\/wp\/v2\/posts\/36188\/revisions"}],"wp:featuredmedia":[{"embeddable":true,"href":"https:\/\/miurltemporal.com/main/triatletasenred.sport.es\/wp-json\/wp\/v2\/media\/36190"}],"wp:attachment":[{"href":"https:\/\/miurltemporal.com/main/triatletasenred.sport.es\/wp-json\/wp\/v2\/media?parent=36188"}],"wp:term":[{"taxonomy":"category","embeddable":true,"href":"https:\/\/miurltemporal.com/main/triatletasenred.sport.es\/wp-json\/wp\/v2\/categories?post=36188"},{"taxonomy":"post_tag","embeddable":true,"href":"https:\/\/miurltemporal.com/main/triatletasenred.sport.es\/wp-json\/wp\/v2\/tags?post=36188"}],"curies":[{"name":"wp","href":"https:\/\/api.w.org\/{rel}","templated":true}]}}