{"id":35588,"date":"2015-06-03T20:56:21","date_gmt":"2015-06-03T18:56:21","guid":{"rendered":"http:\/\/triatletasenred.com\/?p=35588"},"modified":"2015-06-04T12:50:30","modified_gmt":"2015-06-04T10:50:30","slug":"el-circuito-sertri-llega-a-altafulla-este-domingo","status":"publish","type":"post","link":"https:\/\/miurltemporal.com/main/triatletasenred.sport.es\/competiciones\/el-circuito-sertri-llega-a-altafulla-este-domingo\/","title":{"rendered":"El circuito SERTRI llega a Altafulla este domingo"},"content":{"rendered":"<p style=\"text-align: justify;\">El circuito SERTRI aterriza este domingo en la localidad de Altafulla. Una prueba integrada en el circuito nacional SERTRI de triatlones populares, organizados por la Cadena SER. La prueba, que se celebra el 7 de junio, contar\u00e1 con\u00a0dos distancias. Por un lado, el triatl\u00f3n de distancia sprint, y por otro lado, el supersprint masculino, que tambi\u00e9n se podr\u00e1 realizar en la modalidad de relevos. En el marco de la promoci\u00f3n del deporte femenino, tambi\u00e9n se organiza el &#8220;Triatl\u00f3n de la Mujer&#8221;, pensado solo para las triatletas y en distancia supersprint. Adem\u00e1s, tambi\u00e9n pensando en la promoci\u00f3n del deporte entre los m\u00e1s jovenes, se organizar\u00e1 el Flash Menores, una prueba pensada para los m\u00e1s jovenes.<\/p>\n<p style=\"text-align: justify;\">La localidad de Altafulla, a menos de una hora de Barcelona, ha sido sede del Campeonato de Espa\u00f1a de triatl\u00f3n Sprint, lo que garantiza una sede ideal para la disputa de una prueba competitiva de triatl\u00f3n. La carrera se disputar\u00e1 el pr\u00f3ximo 7 de junio y las inscripciones est\u00e1n abiertas en <a href=\"http:\/\/www.sertri.com\/triatlon\/sertri-altafulla-2015\" target=\"_blank\" rel=\"nofollow noopener\">este enlace<\/a>.<\/p>\n<p>&nbsp;<\/p>\n<p>&nbsp;<\/p>\n","protected":false},"excerpt":{"rendered":"<p>El circuito de triatlones populares SERTRI aterriza este fin de semana en la localidad costera de Altafulla, con diversas distancias ideales para debutar.<\/p>\n","protected":false},"author":12,"featured_media":28129,"comment_status":"open","ping_status":"open","sticky":false,"template":"","format":"standard","meta":{"_acf_changed":false,"rank_math_lock_modified_date":false,"footnotes":""},"categories":[19,1191],"tags":[],"class_list":{"0":"post-35588","1":"post","2":"type-post","3":"status-publish","4":"format-standard","5":"has-post-thumbnail","7":"category-competiciones","8":"category-triatlon"},"acf":[],"_links":{"self":[{"href":"https:\/\/miurltemporal.com/main/triatletasenred.sport.es\/wp-json\/wp\/v2\/posts\/35588"}],"collection":[{"href":"https:\/\/miurltemporal.com/main/triatletasenred.sport.es\/wp-json\/wp\/v2\/posts"}],"about":[{"href":"https:\/\/miurltemporal.com/main/triatletasenred.sport.es\/wp-json\/wp\/v2\/types\/post"}],"author":[{"embeddable":true,"href":"https:\/\/miurltemporal.com/main/triatletasenred.sport.es\/wp-json\/wp\/v2\/users\/12"}],"replies":[{"embeddable":true,"href":"https:\/\/miurltemporal.com/main/triatletasenred.sport.es\/wp-json\/wp\/v2\/comments?post=35588"}],"version-history":[{"count":0,"href":"https:\/\/miurltemporal.com/main/triatletasenred.sport.es\/wp-json\/wp\/v2\/posts\/35588\/revisions"}],"wp:featuredmedia":[{"embeddable":true,"href":"https:\/\/miurltemporal.com/main/triatletasenred.sport.es\/wp-json\/wp\/v2\/media\/28129"}],"wp:attachment":[{"href":"https:\/\/miurltemporal.com/main/triatletasenred.sport.es\/wp-json\/wp\/v2\/media?parent=35588"}],"wp:term":[{"taxonomy":"category","embeddable":true,"href":"https:\/\/miurltemporal.com/main/triatletasenred.sport.es\/wp-json\/wp\/v2\/categories?post=35588"},{"taxonomy":"post_tag","embeddable":true,"href":"https:\/\/miurltemporal.com/main/triatletasenred.sport.es\/wp-json\/wp\/v2\/tags?post=35588"}],"curies":[{"name":"wp","href":"https:\/\/api.w.org\/{rel}","templated":true}]}}