{"id":35581,"date":"2015-06-03T13:07:20","date_gmt":"2015-06-03T11:07:20","guid":{"rendered":"http:\/\/triatletasenred.com\/?p=35581"},"modified":"2015-06-03T13:10:16","modified_gmt":"2015-06-03T11:10:16","slug":"fernando-alarza-la-regularidad-al-final-tambien-se-premia","status":"publish","type":"post","link":"https:\/\/miurltemporal.com/main/triatletasenred.sport.es\/en-red\/fernando-alarza-la-regularidad-al-final-tambien-se-premia\/","title":{"rendered":"Fernando Alarza: &#8220;La regularidad al final tambi\u00e9n se premia&#8221;"},"content":{"rendered":"<p style=\"text-align: justify;\">El triatleta talaverano Fernando Alarza, segundo clasificado en las Series Mundiales de Londres, pas\u00f3 esta semana por los micr\u00f3fonos de Transiciones, tu podcast semanal de triatl\u00f3n. De vuelta a Pontevedra para seguir con sus entrenamientos, Alarza habla de c\u00f3mo afront\u00f3 la carrera y de su estrategia para conseguir el podio, y de sus objetivos para las pr\u00f3ximas semanas. De la mano de BH, charlamos con el triatleta que actualmente est\u00e1 clasificado en tercera posici\u00f3n de la general de las Series Mundiales.<\/p>\n<h5 style=\"text-align: justify;\">Segundo en las Series Mundiales de Londres. \u00bfContento por el primer podio?<\/h5>\n<p style=\"text-align: justify;\">Muy contento por c\u00f3mo se ha dado el fin de semana. Objetivo cumplido con ese deseado podio en una Serie Mundial.<\/p>\n<h5 style=\"text-align: justify;\">\u00bfC\u00f3mo fue la carrera?<\/h5>\n<p style=\"text-align: justify;\">En Londres la carrera empez\u00f3 antes del bocinazo de salida. Hab\u00eda mucha incertidumbre sobre cu\u00e1l ser\u00eda el sitio bueno en el pont\u00f3n de salida. Mario (Mola) y yo ten\u00edamos la decisi\u00f3n y sab\u00edamos que los hermanos Brownlee iri\u00edan al lado contrario del pont\u00f3n. Nos hicimos los suecos. Al final el lado bueno fue el derecho, me lo confes\u00f3 Alistair antes de empezar, que all\u00ed habr\u00edan menos golpes y menos corriente. Fue una nataci\u00f3n tranquila sin muchos golpes y que me permiti\u00f3 estar dentro en carrera desde el primer momento. La transici\u00f3n sali\u00f3 bien y luego Jonny Brownlee tuvo un problema mec\u00e1nico, y Mario Mola y Richard Murray salieron cortados, por lo que no nos lo pensamos y salimos muy fuertes en las primeras vueltas de ciclismo. Nos bajamos con cerca de cuarenta segundos de margen y por la gente que iba en el grupo sab\u00eda que ten\u00eda mis opciones. Alistair iba a ser dif\u00edcil de batir, pero el &#8216;siguiente&#8217; con quien jugarse el podio iba a ser Vincent Luis. Y yo estaba motivado. Cre\u00eda que iba a ser el d\u00eda del podio y as\u00ed fue.<\/p>\n<h5 style=\"text-align: justify;\">Unos \u00faltimos compases de carrera fren\u00e9ticos.<\/h5>\n<p style=\"text-align: justify;\">Alistair arranc\u00f3 en el kil\u00f3metro 1,5 pero si le segu\u00eda arrastraba a Vincen Luis y a Ryan Bailie, que no me conven\u00eda mucho. Decid\u00ed guardar un poco y que ellos dieran la cara en el grupo de tres que ibamos. A falta de un kil\u00f3metro me la jugu\u00e9 con todo. Pens\u00e9 que incluso hab\u00eda sido demasiado pronto. Pero ya hab\u00eda puesto todas las cartas encima de la mesa y era mi opci\u00f3n y sali\u00f3 bien.<\/p>\n<h5 style=\"text-align: justify;\">\u00bfEl ataque les sorprendi\u00f3 a Bailie y a Luis?<\/h5>\n<p style=\"text-align: justify;\">S\u00ed. Despu\u00e9s del giro de 180 grados, Vincent Luis atac\u00f3, pero no le vi con tanto fuelle como en otras ocasiones. No fue un ataque muy explosivo. Hubo un momento en el que los dos se quedaron mir\u00e1ndose mutuamente y entonces decid\u00ed atacar un poco por sorpresa. A falta de un kil\u00f3metro, si sigues a buen ritmo, esos diez o quince metros que consigues abrir con el ataque son complicado de recortarlo. Fue lo que ten\u00eda pensado ya que Vincent Luis en los \u00faltimos 300 metros es un triatleta bastante r\u00e1pido y quer\u00eda soltarle antes.<\/p>\n<h5 style=\"text-align: justify;\">\u00bfQu\u00e9 se siente estando en un podio de las Series Mundiales?<\/h5>\n<p style=\"text-align: justify;\">Descargu\u00e9 un poco de presi\u00f3n. Era algo que deseaba desde hac\u00eda tiempo. En 2012 logr\u00e9 un cuarto y este a\u00f1o estaba obteniendo muy buenos resultados pero no lograba subirme al podio. Al final es un pasito que tienes que dar y rompes una barrera. Muchas veces est\u00e1s en carrera y es dif\u00edcil romper esa barrera. Estoy muy contento por que todo el trabajo que llevamos va dando sus frutos.<\/p>\n<h5 style=\"text-align: justify;\">Despu\u00e9s de tanto trabajo y sacrificio, \u00bfen qui\u00e9n piensas cuando est\u00e1s en el podio?<\/h5>\n<p style=\"text-align: justify;\">Por supuesto en mi familia y en mi novia, los que d\u00eda a d\u00eda est\u00e1n apoyandome. Por supuesto tambi\u00e9n a mi entrenador, Omar Gonz\u00e1lez. Apostamos por un proyecto juntos que nos est\u00e1 yendo muy bien. Creo que tenemos la relaci\u00f3n perfecta entrenador-triatleta, cosa que es muy importante a estos niveles. M\u00e1s que un entrenador, tambi\u00e9n es un amigo.<\/p>\n<h5 style=\"text-align: justify;\">\u00bfEst\u00e1s en tu mejor momento de forma?<\/h5>\n<p style=\"text-align: justify;\">Los resultados parece que dicen que s\u00ed, pero yo creo que a\u00fan me queda bastante. Tengo muchas ganas y a\u00fan mucho margen de mejoras. Eso s\u00ed, este a\u00f1o hemos sido m\u00e1s precavidos para tratar de evitar lesiones como el a\u00f1o pasado. Pero hay que ir poco a poco para asegurar la clasificaci\u00f3n para los Juegos. No queremos que se tuerza por una lesi\u00f3n inoportuna.<\/p>\n<h5 style=\"text-align: justify;\">Adem\u00e1s, este a\u00f1o eres el m\u00e1s regular de las Series Mundiales con todo top8 en carrera.<\/h5>\n<p style=\"text-align: justify;\">Me lo dices en diciembre y no me lo creer\u00eda (risas). Es para estar contentos, queremos buenos resultados pero la regularidad al final tambi\u00e9n se premia. Llevamos seis carreras compitiendo contra los mejores del mundo y que la peor clasificaci\u00f3n sea un octavo es para estar muy contento.<\/p>\n<h5 style=\"text-align: justify;\">Pr\u00f3xima parada, Juegos Europeos de Baku.<\/h5>\n<p style=\"text-align: justify;\">Es una carrera a la que \u00fanicamente voy para intentar dar un pasito m\u00e1s hacia los Juegos Ol\u00edmpicos. Si se consigue ganar esa carrera y ning\u00fan espa\u00f1ol hiciera podio en la carrera de R\u00edo de este a\u00f1o, tendr\u00edamos los Juegos en nuestras manos. Es una combinaci\u00f3n complicada pero si cada carrera conseguimos estar m\u00e1s cerca de los Juegos, pues mejor. Sabiendo que Baku puede ser una carrera bastante factible para la victoria si tengo un buen d\u00eda, lo intentar\u00e9 para cerrar las opciones de clasificarme para R\u00edo.<\/p>\n<h5 style=\"text-align: justify;\">\u00bfC\u00f3mo afrontas la segunda parte de la temporada?<\/h5>\n<p style=\"text-align: justify;\">Posiblemente despu\u00e9s de los Juegos Europeos de Baku tomar\u00e9 una semana de descanso. Me encuentro bien pero es importante descansar por que queda un final de temporada muy duro. Seguramente descansar\u00e9 en Estocolmo, pero no lo tengo decidido. Ir\u00e1 dependiendo del estado de forma. Adem\u00e1s, queda adem\u00e1s de las Series Mundiales, la prueba de R\u00edo. Trataremos de afrontarlo lo mejor posible.<\/p>\n<h5 style=\"text-align: justify;\">Este a\u00f1o te has vinculado a un proyecto que est\u00e1is desarrollando un neopreno. Cu\u00e9ntanos m\u00e1s detalles.<\/h5>\n<p style=\"text-align: justify;\">Estoy muy ilusionado y hemos trabajado para sacar al mercado lo que queremos que sea un neopreno de referencia a nivel mundial. Me ofrecieron el proyecto junto a mi hermano y otros dos compa\u00f1eros. Han sido meses de desarrollo de materiales y dentro de poco ver\u00e1 la luz, por lo que estamos muy ilusionados.<\/p>\n<h5 style=\"text-align: justify;\">Las marcas son fundamentales para los deportistas, visto la cantidad de viajes que hay que realizar para disputar pruebas de m\u00e1ximo nivel.<\/h5>\n<p style=\"text-align: justify;\">Por supuesto. Si no fuera por los patrocinadores que tengo no podr\u00eda haber viajado a las competiciones de la gira oce\u00e1nica, a Jap\u00f3n o a Ciudad del Cabo, entre otras. Son los que tienen parte de &#8216;culpa&#8217; de que la TRIArmada de la que tanto se est\u00e1 hablando, est\u00e9 donde est\u00e1. Estamos tres espa\u00f1oles entre los tres mejores del momento. Y en parte es gracias a su apoyo.<\/p>\n<p style=\"text-align: justify;\">Foto: ITU Media<\/p>\n","protected":false},"excerpt":{"rendered":"<p>El talaverano Fernando Alarza pas\u00f3 por los micr\u00f3fonos de Transiciones tras conseguir la segunda posici\u00f3n en la Serie Mundial de Londres.<\/p>\n","protected":false},"author":12,"featured_media":35582,"comment_status":"open","ping_status":"open","sticky":false,"template":"","format":"standard","meta":{"_acf_changed":false,"rank_math_lock_modified_date":false,"footnotes":""},"categories":[17,19,16,2033,1191],"tags":[],"class_list":{"0":"post-35581","1":"post","2":"type-post","3":"status-publish","4":"format-standard","5":"has-post-thumbnail","7":"category-actualidad","8":"category-competiciones","9":"category-en-red","10":"category-sport","11":"category-triatlon"},"acf":[],"_links":{"self":[{"href":"https:\/\/miurltemporal.com/main/triatletasenred.sport.es\/wp-json\/wp\/v2\/posts\/35581"}],"collection":[{"href":"https:\/\/miurltemporal.com/main/triatletasenred.sport.es\/wp-json\/wp\/v2\/posts"}],"about":[{"href":"https:\/\/miurltemporal.com/main/triatletasenred.sport.es\/wp-json\/wp\/v2\/types\/post"}],"author":[{"embeddable":true,"href":"https:\/\/miurltemporal.com/main/triatletasenred.sport.es\/wp-json\/wp\/v2\/users\/12"}],"replies":[{"embeddable":true,"href":"https:\/\/miurltemporal.com/main/triatletasenred.sport.es\/wp-json\/wp\/v2\/comments?post=35581"}],"version-history":[{"count":0,"href":"https:\/\/miurltemporal.com/main/triatletasenred.sport.es\/wp-json\/wp\/v2\/posts\/35581\/revisions"}],"wp:featuredmedia":[{"embeddable":true,"href":"https:\/\/miurltemporal.com/main/triatletasenred.sport.es\/wp-json\/wp\/v2\/media\/35582"}],"wp:attachment":[{"href":"https:\/\/miurltemporal.com/main/triatletasenred.sport.es\/wp-json\/wp\/v2\/media?parent=35581"}],"wp:term":[{"taxonomy":"category","embeddable":true,"href":"https:\/\/miurltemporal.com/main/triatletasenred.sport.es\/wp-json\/wp\/v2\/categories?post=35581"},{"taxonomy":"post_tag","embeddable":true,"href":"https:\/\/miurltemporal.com/main/triatletasenred.sport.es\/wp-json\/wp\/v2\/tags?post=35581"}],"curies":[{"name":"wp","href":"https:\/\/api.w.org\/{rel}","templated":true}]}}