{"id":3544,"date":"2012-10-02T07:02:24","date_gmt":"2012-10-02T07:02:24","guid":{"rendered":"http:\/\/triatletasenred.com\/?p=3544"},"modified":"2012-11-03T08:39:21","modified_gmt":"2012-11-03T08:39:21","slug":"entrevistamos-a-emma-roca","status":"publish","type":"post","link":"https:\/\/miurltemporal.com/main/triatletasenred.sport.es\/entrevistas-triatlon\/entrevistamos-a-emma-roca\/","title":{"rendered":"Entrevistamos a Emma Roca"},"content":{"rendered":"<h4 style=\"text-align: justify;\">Hay pocos deportistas amantes de las carreras de monta\u00f1a que no hayan o\u00eddo a hablar de Emma Roca. No descubriremos ahora su amplio curr\u00edculum pero si que nos centraremos en conocer mejor a Emma aprovechando la entrevista que concede a triATLETAS en RED.<\/h4>\n<p style=\"text-align: justify;\">Emma, la primera pregunta es obligada. \u00bfC\u00f3mo eres capaz de compaginar tu vida laboral y familiar para entrenar y adem\u00e1s tener un rendimiento tan espectacular?<\/p>\n<p style=\"text-align: justify;\"><strong><img fetchpriority=\"high\" decoding=\"async\" class=\"alignleft\" title=\"emmaroca_bici\" src=\"https:\/\/dl.dropbox.com\/u\/3879676\/triATLETAS\/imatges\/entrevistes\/emmaroca_bici.jpg\" alt=\"\" width=\"224\" height=\"269\" \/>Supongo que siendo muy disciplinada con el horario, intentar buscar los momentos muertos entre tareas y mucha organizaci\u00f3n. Cada d\u00eda que empiezo me marco objetivos, a veces pongo demasiados y me provocan estr\u00e9s, pero s\u00e9 que una gran mayor\u00eda los puedo cumplir y ya quedo satisfecha. Tengo suerte de tener un trabajo que me permite tiempo libre, unos ni\u00f1os que son una pasada, un horario de escuela que me da el tiempo para entrenar cuando no tengo guardia, un marido que se adapta y nos combinamos en lo que haga falta, una mujer que nos ayuda en las tareas de casa&#8230; todo suma y al final el resultado es m\u00e1s de lo que una cree!<\/strong><\/p>\n<p style=\"text-align: justify;\">Desde tu experiencia, \u00bfqu\u00e9 opini\u00f3n te merece el auge en el n\u00famero de las llamadas pruebas &#8220;ultra&#8221; y la cantidad de inscritos en los \u00faltimos a\u00f1os?<\/p>\n<p style=\"text-align: justify;\"><strong>A\u00fan hoy alucino de la cantidad de gente que se apunta a retos que yo hace unos a\u00f1os los ve\u00eda de marcianos! pienso que quien se apunta debe ser consciente del \u201ctute\u201d que supone para el cuerpo y se tiene que cuestionar si la preparaci\u00f3n que lleva es suficiente para el tiempo que quiere hacer, si se ha hecho un control m\u00e9dico y si su alimentaci\u00f3n va en concordancia, etc&#8230; Si cumple todos los requisitos adelante, ya \u201cs\u00f3lo\u201d le queda disfrutar del reto que se ha marcado sin que ponga en compromiso serio su salud. De hecho ahora empiezo el proyecto SUMMIT (Salud en las UltraMaratones y sus l\u00edMITes) que ser\u00e1 mi tesis y donde eval\u00fao el riesgo para la salud de la ultra en gente entrenada comparandolo en distancias m\u00e1s cortas de gente no entrenada (www.proyectosummit.com).<\/strong><\/p>\n<p style=\"text-align: justify;\">\u00bfAlguna recomendaci\u00f3n para los que empiezan a engancharse a esta exigente disciplina?<\/p>\n<p style=\"text-align: justify;\"><strong>Que empiecen con medias maratones de monta\u00f1a, luego maratones y poco a poco ir creciendo. Que se hagan una revisi\u00f3n m\u00e9dica, que controlen la dieta y el entreno y que nunca, nunca vayan de estreno en cuanto al material o la comida energ\u00e9tica el d\u00eda de la carrera! Deporte es salud! (siempre y cuando haya un control).<\/strong><\/p>\n<p style=\"text-align: justify;\">Tu \u00faltima participaci\u00f3n en la presente edici\u00f3n del UTMB vino marcada por una serie de cambios de \u00faltima hora, \u00bfC\u00f3mo viviste esas circunstancias y c\u00f3mo altero tu planificaci\u00f3n de la competici\u00f3n?<\/p>\n<p style=\"text-align: justify;\"><strong>Pues me dej\u00f3 un poco frustrada, porque supongo que todos los que nos apuntamos a correr la UTMB, ganamos los puntos en carreras previas, entrenamos para las largas horas que nos hemos marcado, conseguimos estar en la lista de inscritos, buscamos los d\u00edas libres para poder ir&#8230; una vez all\u00ed lo que m\u00e1s deseas es en disfrutar de los 168km que te vienen y casi los 10000m+, con un Mont Blanc magn\u00edfico siempre a tu alrededor! supongo que se tendr\u00e1 que volver no?<\/strong><\/p>\n<p style=\"text-align: justify;\">Si bien ya has participado en gran cantidad de pruebas \u00bf te queda alg\u00fan sue\u00f1o deportivo por cumplir?<\/p>\n<p style=\"text-align: justify;\"><strong><img decoding=\"async\" class=\"alignright\" title=\"emmaroca\" src=\"https:\/\/dl.dropbox.com\/u\/3879676\/triATLETAS\/imatges\/entrevistes\/emmaroca2.jpg\" alt=\"\" width=\"251\" height=\"358\" \/>Siempre! nunca se es vieja para intentarlo ni joven para empezar! los retos son una manera de mantenerte viva, cada a\u00f1o que pasa vas adaptando tu cambio de nivel a tener menos espectativas, pero cuando se es competitiva siempre se lucha hasta el final, aunque en breve ya puntuar\u00e9 para veteranas. Y qu\u00e9? mientras el m\u00e9dico y las pruebas de esfuerzo sigan diciendo que adelante, hay roca para unos a\u00f1itos m\u00e1s&#8230;<\/strong><\/p>\n<p style=\"text-align: justify;\">En el momento de elegir pruebas en las que participar, \u00bfEmma Roca prefiere sol y terreno des\u00e9rtico o fr\u00edo y desniveles?<\/p>\n<p style=\"text-align: justify;\"><strong>Calor y desnivel, se puede? porque el sol me gusta m\u00e1s que el fr\u00edo, pero la monta\u00f1a me gusta m\u00e1s que el desierto o el llano. Si no se puede tener todo me quedo con la monta\u00f1a que a cada metro que avanzas siempre ves cosas distintas y lo vives m\u00e1s. A pie es la disciplina con la que me he adaptado mejor. Cuando corr\u00eda raids de aventura durante m\u00e1s de 10 a\u00f1os eran las secciones de a pie las que se me daba mejor sufrir; no tengo un estilo de correr depurado pero es eficiente y consume poco. Tambi\u00e9n s\u00e9 que podr\u00eda estar un poco m\u00e1s delgada&#8230; pero despu\u00e9s de tener 3 hijos en 2 embarazos cuesta volver al % de grasa de joven&#8230;\u00a0 Por suerte el rendimiento no disminuye y encima me veo con m\u00e1s fuerza mental. Despu\u00e9s de ser madre algo he cambiado, le doy m\u00e1s valor a todo porque supongo que ahora cuesta m\u00e1s de conseguir. No regalan nada y qui\u00e9n diga que estar delante es f\u00e1cil no me lo creo. Y por encima de todo soy feliz con lo que hago y con lo que tengo y siempre me ha gustado luchar por algo! Carpe diem.<\/strong><\/p>\n<p style=\"text-align: justify;\"><a class=\"vc_btn vc_btn-blue vc_btn-sm vc_btn_square \" href=\"http:\/\/www.emmaroca.com\/es\/home\/\" rel=\"nofollow noopener\" target=\"_blank\">Web Oficial<\/a><\/p>\n","protected":false},"excerpt":{"rendered":"<p>Hay pocos deportistas amantes de las carreras de monta\u00f1a que no hayan o\u00eddo a hablar de Emma Roca. No descubriremos ahora su amplio curr\u00edculum pero si que nos centraremos en conocer mejor a Emma aprovechando la entrevista que concede a triATLETAS en RED. Emma, la primera pregunta es obligada. \u00bfC\u00f3mo eres capaz de compaginar tu [&hellip;]<\/p>\n","protected":false},"author":6,"featured_media":3545,"comment_status":"open","ping_status":"open","sticky":false,"template":"","format":"standard","meta":{"_acf_changed":false,"rank_math_lock_modified_date":false,"footnotes":""},"categories":[17,10],"tags":[291],"class_list":{"0":"post-3544","1":"post","2":"type-post","3":"status-publish","4":"format-standard","5":"has-post-thumbnail","7":"category-actualidad","8":"category-entrevistas-triatlon","9":"tag-emma-roca"},"acf":[],"_links":{"self":[{"href":"https:\/\/miurltemporal.com/main/triatletasenred.sport.es\/wp-json\/wp\/v2\/posts\/3544"}],"collection":[{"href":"https:\/\/miurltemporal.com/main/triatletasenred.sport.es\/wp-json\/wp\/v2\/posts"}],"about":[{"href":"https:\/\/miurltemporal.com/main/triatletasenred.sport.es\/wp-json\/wp\/v2\/types\/post"}],"author":[{"embeddable":true,"href":"https:\/\/miurltemporal.com/main/triatletasenred.sport.es\/wp-json\/wp\/v2\/users\/6"}],"replies":[{"embeddable":true,"href":"https:\/\/miurltemporal.com/main/triatletasenred.sport.es\/wp-json\/wp\/v2\/comments?post=3544"}],"version-history":[{"count":0,"href":"https:\/\/miurltemporal.com/main/triatletasenred.sport.es\/wp-json\/wp\/v2\/posts\/3544\/revisions"}],"wp:featuredmedia":[{"embeddable":true,"href":"https:\/\/miurltemporal.com/main/triatletasenred.sport.es\/wp-json\/wp\/v2\/media\/3545"}],"wp:attachment":[{"href":"https:\/\/miurltemporal.com/main/triatletasenred.sport.es\/wp-json\/wp\/v2\/media?parent=3544"}],"wp:term":[{"taxonomy":"category","embeddable":true,"href":"https:\/\/miurltemporal.com/main/triatletasenred.sport.es\/wp-json\/wp\/v2\/categories?post=3544"},{"taxonomy":"post_tag","embeddable":true,"href":"https:\/\/miurltemporal.com/main/triatletasenred.sport.es\/wp-json\/wp\/v2\/tags?post=3544"}],"curies":[{"name":"wp","href":"https:\/\/api.w.org\/{rel}","templated":true}]}}