{"id":35375,"date":"2015-05-28T07:55:52","date_gmt":"2015-05-28T05:55:52","guid":{"rendered":"http:\/\/triatletasenred.com\/?p=35375"},"modified":"2016-02-26T15:31:28","modified_gmt":"2016-02-26T13:31:28","slug":"manifestacion-en-barcelona-por-un-ciclismo-mas-seguro","status":"publish","type":"post","link":"https:\/\/miurltemporal.com/main/triatletasenred.sport.es\/en-red\/manifestacion-en-barcelona-por-un-ciclismo-mas-seguro\/","title":{"rendered":"Manifestaci\u00f3n en Barcelona por un ciclismo m\u00e1s seguro"},"content":{"rendered":"<p style=\"text-align: justify;\">El pr\u00f3ximo <strong>domingo 31 <\/strong>los ciclistas tienen una cita en Barcelona. ADECIS (Asociaci\u00f3n para la Defensa de un Ciclismo Seguro), la Federaci\u00f3 Catalana de Ciclisme junto con otras entidades han organizado una manifestaci\u00f3n\/concentraci\u00f3n que reitera\u00a0la necesidad de respetar al ciclista.<\/p>\n<p style=\"text-align: justify;\">A las <strong>12h<\/strong> del mediod\u00eda, en la explanada del <strong>Arc de Triomf<\/strong> (en pleno centro de Barcelona), ciclistas, triatletas y todo usuario de la bicicleta est\u00e1n invitados a participar en una concentraci\u00f3n que terminar\u00e1 a las 13:30h. A trav\u00e9s del hashtag <strong>#1MetroyMedio<\/strong>, la intenci\u00f3n es protestar, una vez m\u00e1s, ante la falta de seguridad que sufren los ciclistas en las carreteras de todo el pa\u00eds.<\/p>\n<p style=\"text-align: justify;\">De momento, la campa\u00f1a\u00a0<a href=\"http:\/\/www.ciclistas.net\/actualidad\/campana-de-1metroymedio-adecis\/\" target=\"_blank\" rel=\"nofollow noopener\">#1MetroyMedio<\/a> est\u00e1 en marcha y ya cuenta con el apoyo de instituciones y ciclistas.<\/p>\n<p style=\"text-align: justify;\">ADECIS nace con un\u00a0esp\u00edritu reivindicativo en pos de la mejora de la seguridad para la pr\u00e1ctica del ciclismo. Su objetivo es promover actividades e iniciativas ante la sociedad y las Administraciones P\u00fablicas competentes.<\/p>\n<p style=\"text-align: justify;\">&#8220;Nuestra intenci\u00f3n es aglutinar en un movimiento nacional (estatal) entorno al leit motiv de <strong>un metro y medio salva vidas<\/strong> a fin de hacer las reivindicaciones hist\u00f3ricas del colectivo ciclista (urbano, carretera, triatl\u00f3n) en defensa de un ciclismo m\u00e1s seguro&#8221; afirma Jos\u00e9 Mar\u00eda Caroz mediante un comunicado.<\/p>\n<p style=\"text-align: justify;\">Dependiendo del \u00e9xito, la idea es terminar convocando, a ser posible a inicios de octubre, una gran manifestaci\u00f3n a nivel de todo el estado y de forma simult\u00e1nea.<\/p>\n<p style=\"text-align: justify;\">Una iniciativa en pro de la seguridad del ciclista que se suma a la de <a href=\"https:\/\/miurltemporal.com/main/triatletasenred.sport.es\/uncategorized\/manifiesto-respetoalciclista-texto-completo\/\" target=\"_blank\"><strong>#RespetoAlCiclista<\/strong><\/a>, que desde Triatletas en Red venimos promoviendo desde hace tiempo.<\/p>\n<p style=\"text-align: justify;\"><strong>#1MetroyMedio<\/strong><\/p>\n<p style=\"text-align: justify;\">Foto: ADECIS<\/p>\n","protected":false},"excerpt":{"rendered":"<p>El domingo a las 12h en Arc de Triomf (Barcelona) tendr\u00e1 lugar una concentraci\u00f3n por la campa\u00f1a #1MetroyMedio, en pro de la seguridad de los ciclistas.<\/p>\n","protected":false},"author":23,"featured_media":35381,"comment_status":"open","ping_status":"open","sticky":false,"template":"","format":"standard","meta":{"_acf_changed":false,"rank_math_lock_modified_date":false,"footnotes":""},"categories":[17,16,2033],"tags":[1453,455,111,1431,3808],"class_list":{"0":"post-35375","1":"post","2":"type-post","3":"status-publish","4":"format-standard","5":"has-post-thumbnail","7":"category-actualidad","8":"category-en-red","9":"category-sport","10":"tag-1m50","11":"tag-respetoalciclista","12":"tag-ciclismo","13":"tag-ciclista","14":"tag-distancia-de-seguridad"},"acf":[],"_links":{"self":[{"href":"https:\/\/miurltemporal.com/main/triatletasenred.sport.es\/wp-json\/wp\/v2\/posts\/35375"}],"collection":[{"href":"https:\/\/miurltemporal.com/main/triatletasenred.sport.es\/wp-json\/wp\/v2\/posts"}],"about":[{"href":"https:\/\/miurltemporal.com/main/triatletasenred.sport.es\/wp-json\/wp\/v2\/types\/post"}],"author":[{"embeddable":true,"href":"https:\/\/miurltemporal.com/main/triatletasenred.sport.es\/wp-json\/wp\/v2\/users\/23"}],"replies":[{"embeddable":true,"href":"https:\/\/miurltemporal.com/main/triatletasenred.sport.es\/wp-json\/wp\/v2\/comments?post=35375"}],"version-history":[{"count":0,"href":"https:\/\/miurltemporal.com/main/triatletasenred.sport.es\/wp-json\/wp\/v2\/posts\/35375\/revisions"}],"wp:featuredmedia":[{"embeddable":true,"href":"https:\/\/miurltemporal.com/main/triatletasenred.sport.es\/wp-json\/wp\/v2\/media\/35381"}],"wp:attachment":[{"href":"https:\/\/miurltemporal.com/main/triatletasenred.sport.es\/wp-json\/wp\/v2\/media?parent=35375"}],"wp:term":[{"taxonomy":"category","embeddable":true,"href":"https:\/\/miurltemporal.com/main/triatletasenred.sport.es\/wp-json\/wp\/v2\/categories?post=35375"},{"taxonomy":"post_tag","embeddable":true,"href":"https:\/\/miurltemporal.com/main/triatletasenred.sport.es\/wp-json\/wp\/v2\/tags?post=35375"}],"curies":[{"name":"wp","href":"https:\/\/api.w.org\/{rel}","templated":true}]}}