{"id":35339,"date":"2015-05-27T01:45:44","date_gmt":"2015-05-26T23:45:44","guid":{"rendered":"http:\/\/triatletasenred.com\/?p=35339"},"modified":"2015-05-27T01:45:44","modified_gmt":"2015-05-26T23:45:44","slug":"el-campeonato-del-mundo-ironman-70-3-vuelve-a-estados-unidos-en-2017","status":"publish","type":"post","link":"https:\/\/miurltemporal.com/main/triatletasenred.sport.es\/actualidad\/el-campeonato-del-mundo-ironman-70-3-vuelve-a-estados-unidos-en-2017\/","title":{"rendered":"El Campeonato del Mundo Ironman 70.3 vuelve a Estados Unidos en 2017"},"content":{"rendered":"<p style=\"text-align: justify;\">La franquicia Ironman ha anunciado este martes que el <strong>Campeonato del Mundo Ironman 70.3 se volver\u00e1 a disputar en territorio estadounidense en 2017<\/strong>. Por ahora no se ha definido la sede, que saldr\u00e1 entre\u00a0<strong>Chattanooga (Tennessee), Lake Placid (New York) y\u00a0St. George (Utah)<\/strong>. La principal caracter\u00edstica de este evento en 2017 ser\u00e1 <strong>la separaci\u00f3n de las carreras masculinas y femeninas<\/strong>, puesto que el evento se disputar\u00e1 en dos d\u00edas. Las triatleras profesionales y grupos de edad en categor\u00eda femenina competir\u00e1n un d\u00eda, mientras que al d\u00eda siguiente ser\u00e1 el turno de los triatletas profesionales y los grupos de edad en categor\u00eda masculina. &#8220;<em>Con la expansi\u00f3n global de las pruebas de Ironman 70.3, esperamos aproximadamente unos 4.500 atletas de todo el mundo como clasificados para el Campeonato del Mundo Ironman 70.3 de 2017, lo que supone demasiados participantes para hacer un evento de un solo d\u00eda<\/em>&#8221; explica Andrew Messick, CEO de Ironman, en un comunicado emitido por la franquicia americana.<\/p>\n<p style=\"text-align: justify;\">En los \u00faltimos a\u00f1os, el Campeonato del Mundo Ironman 70.3 ha ido <strong>cambiando de paises<\/strong> fuera de los Estados Unidos. En 2014 fue Mont-Tremblat, en Canad\u00e1, la que acogi\u00f3 la prueba, mientras que este a\u00f1o la competici\u00f3n se celebrar\u00e1 en Zell am See-Kaprun, en Austria. Antes de volver a Estados Unidos, la competici\u00f3n se celebrar\u00e1 en Queensland, Australia en 2016.<\/p>\n<p style=\"text-align: justify;\">Foto: Ironman<\/p>\n","protected":false},"excerpt":{"rendered":"<p>La franquicia Ironman ha anunciado en un comunicado que el Campeonato del Mundo Ironman 70.3 vuelve a Estados Unidos en 2017<\/p>\n","protected":false},"author":12,"featured_media":22686,"comment_status":"open","ping_status":"open","sticky":false,"template":"","format":"standard","meta":{"_acf_changed":false,"rank_math_lock_modified_date":false,"footnotes":""},"categories":[17,19,1191],"tags":[],"class_list":{"0":"post-35339","1":"post","2":"type-post","3":"status-publish","4":"format-standard","5":"has-post-thumbnail","7":"category-actualidad","8":"category-competiciones","9":"category-triatlon"},"acf":[],"_links":{"self":[{"href":"https:\/\/miurltemporal.com/main/triatletasenred.sport.es\/wp-json\/wp\/v2\/posts\/35339"}],"collection":[{"href":"https:\/\/miurltemporal.com/main/triatletasenred.sport.es\/wp-json\/wp\/v2\/posts"}],"about":[{"href":"https:\/\/miurltemporal.com/main/triatletasenred.sport.es\/wp-json\/wp\/v2\/types\/post"}],"author":[{"embeddable":true,"href":"https:\/\/miurltemporal.com/main/triatletasenred.sport.es\/wp-json\/wp\/v2\/users\/12"}],"replies":[{"embeddable":true,"href":"https:\/\/miurltemporal.com/main/triatletasenred.sport.es\/wp-json\/wp\/v2\/comments?post=35339"}],"version-history":[{"count":0,"href":"https:\/\/miurltemporal.com/main/triatletasenred.sport.es\/wp-json\/wp\/v2\/posts\/35339\/revisions"}],"wp:featuredmedia":[{"embeddable":true,"href":"https:\/\/miurltemporal.com/main/triatletasenred.sport.es\/wp-json\/wp\/v2\/media\/22686"}],"wp:attachment":[{"href":"https:\/\/miurltemporal.com/main/triatletasenred.sport.es\/wp-json\/wp\/v2\/media?parent=35339"}],"wp:term":[{"taxonomy":"category","embeddable":true,"href":"https:\/\/miurltemporal.com/main/triatletasenred.sport.es\/wp-json\/wp\/v2\/categories?post=35339"},{"taxonomy":"post_tag","embeddable":true,"href":"https:\/\/miurltemporal.com/main/triatletasenred.sport.es\/wp-json\/wp\/v2\/tags?post=35339"}],"curies":[{"name":"wp","href":"https:\/\/api.w.org\/{rel}","templated":true}]}}