{"id":35322,"date":"2015-05-26T22:07:22","date_gmt":"2015-05-26T20:07:22","guid":{"rendered":"http:\/\/triatletasenred.com\/?p=35322"},"modified":"2015-05-31T02:03:28","modified_gmt":"2015-05-31T00:03:28","slug":"transiciones-tu-podcast-de-triatlon-programa-11","status":"publish","type":"post","link":"https:\/\/miurltemporal.com/main/triatletasenred.sport.es\/en-red\/transiciones-tu-podcast-de-triatlon-programa-11\/","title":{"rendered":"Transiciones, tu podcast de triatl\u00f3n (programa 11)"},"content":{"rendered":"<p style=\"text-align: justify;\">Una semana m\u00e1s, vuelve Transiciones, tu podcast semanal de triatl\u00f3n. En una semana marcada por el Ironman de Lanzarote, repasamos lo que dio de s\u00ed la competici\u00f3n en la isla canaria con Miquel Blanchart, cuarto clasificado en la general y mejor espa\u00f1ol en la competici\u00f3n. El triatleta de Sabadell nos explica como fue la carrera, sus sensaciones y c\u00f3mo enfoca el camino hacia Kona, cada vez m\u00e1s cerca. La actualidad del fin de semana tambi\u00e9n pasa por el Campeonato de Europa de Media Distancia y por la Copa Continental de Ixtapa, donde Mar\u00eda Ortega logr\u00f3 la cuarta posici\u00f3n.<\/p>\n<p style=\"text-align: justify;\">Con la vista puesta en la pr\u00f3xima semana, charlamos con Antonio Serrat, que debutar\u00e1 en las Series Mundiales de Londres del pr\u00f3ximo 31 de mayo en la capital brit\u00e1nica. El joven triatleta ha tomado la plaza que ha dejado vacante Javi G\u00f3mez Noya, que se queda en Galicia para seguir preparando la segunda parte de la temporada. Tambi\u00e9n charlamos con Mauro Llorens, director de carrera del PortAventura Challenge Salou, que nos cuenta las principales novedades de la competici\u00f3n del pr\u00f3ximo 31 de mayo con las inscripciones cerradas.<\/p>\n<p>Como cada programa,\u00a0repasamos la agenda del fin de semana y contamos una de esas historias que llegan al coraz\u00f3n de los oyentes. Todo esto y mucho m\u00e1s, en media hora a puro triatl\u00f3n.<\/p>\n<p><iframe width=\"100%\" height=\"200\" frameborder=\"0\" allowfullscreen=\"\" scrolling=\"no\" src=\"http:\/\/www.ivoox.com\/player_ej_4573914_2_1.html?data=lZqklZ6VeI6ZmKialZeJd6KllpKSmaiRdo6ZmKiakpKJe6ShkZKSmaiRmNPVz9jWxc7TssbnjIqfmpC0ttDb08baw5CVdYyZk56ah5yncdXmysbhzsrYpdTZz9fSxpPHs86hhpywj5k%3D&#038;\"><\/iframe><\/p>\n<p>&nbsp;<\/p>\n","protected":false},"excerpt":{"rendered":"<p>Una semana m\u00e1s, y ya van once, vuelve Transiciones, tu podcast semanal de triatl\u00f3n. Much\u00edsimos temas encima de la mesa y protagonistas de actualidad.<\/p>\n","protected":false},"author":6,"featured_media":34624,"comment_status":"open","ping_status":"open","sticky":false,"template":"","format":"standard","meta":{"_acf_changed":false,"rank_math_lock_modified_date":false,"footnotes":""},"categories":[16,2033,1191],"tags":[],"class_list":{"0":"post-35322","1":"post","2":"type-post","3":"status-publish","4":"format-standard","5":"has-post-thumbnail","7":"category-en-red","8":"category-sport","9":"category-triatlon"},"acf":[],"_links":{"self":[{"href":"https:\/\/miurltemporal.com/main/triatletasenred.sport.es\/wp-json\/wp\/v2\/posts\/35322"}],"collection":[{"href":"https:\/\/miurltemporal.com/main/triatletasenred.sport.es\/wp-json\/wp\/v2\/posts"}],"about":[{"href":"https:\/\/miurltemporal.com/main/triatletasenred.sport.es\/wp-json\/wp\/v2\/types\/post"}],"author":[{"embeddable":true,"href":"https:\/\/miurltemporal.com/main/triatletasenred.sport.es\/wp-json\/wp\/v2\/users\/6"}],"replies":[{"embeddable":true,"href":"https:\/\/miurltemporal.com/main/triatletasenred.sport.es\/wp-json\/wp\/v2\/comments?post=35322"}],"version-history":[{"count":0,"href":"https:\/\/miurltemporal.com/main/triatletasenred.sport.es\/wp-json\/wp\/v2\/posts\/35322\/revisions"}],"wp:featuredmedia":[{"embeddable":true,"href":"https:\/\/miurltemporal.com/main/triatletasenred.sport.es\/wp-json\/wp\/v2\/media\/34624"}],"wp:attachment":[{"href":"https:\/\/miurltemporal.com/main/triatletasenred.sport.es\/wp-json\/wp\/v2\/media?parent=35322"}],"wp:term":[{"taxonomy":"category","embeddable":true,"href":"https:\/\/miurltemporal.com/main/triatletasenred.sport.es\/wp-json\/wp\/v2\/categories?post=35322"},{"taxonomy":"post_tag","embeddable":true,"href":"https:\/\/miurltemporal.com/main/triatletasenred.sport.es\/wp-json\/wp\/v2\/tags?post=35322"}],"curies":[{"name":"wp","href":"https:\/\/api.w.org\/{rel}","templated":true}]}}