{"id":35278,"date":"2015-05-25T11:42:39","date_gmt":"2015-05-25T09:42:39","guid":{"rendered":"http:\/\/triatletasenred.com\/?p=35278"},"modified":"2015-05-25T11:50:36","modified_gmt":"2015-05-25T09:50:36","slug":"faris-al-sultan-ya-no-tenia-fuerzas-ni-ganas-de-seguir-sufriendo","status":"publish","type":"post","link":"https:\/\/miurltemporal.com/main/triatletasenred.sport.es\/actualidad\/faris-al-sultan-ya-no-tenia-fuerzas-ni-ganas-de-seguir-sufriendo\/","title":{"rendered":"Faris Al Sult\u00e1n: &#8220;Ya no ten\u00eda fuerzas ni ganas de seguir sufriendo\u201d"},"content":{"rendered":"<p style=\"text-align: justify;\"><strong>Tras a\u00f1o y medio plagado de lesiones y malas sensaciones, el campe\u00f3n del mundo de Ironman en 2005 Faris Al-Sultan ha decidido poner punto y final a sus m\u00e1s de 15 a\u00f1os como triatleta profesional<\/strong>. Desde Triatletas een Red hemos tenido el privilegio y la oportunidad de charlar con \u00e9l d\u00edas despu\u00e9s de su abandono en IM Texas que fue la gota que colm\u00f3 el vaso para anticipar su retirada.<\/p>\n<p style=\"text-align: justify;\">\u201cDesde el IM Sud\u00e1frica en 2014 no he tenido ni una buena carrera (al menos las importantes) y esto, a\u00f1adido a otros problemas han sido los causantes de que tomase tal decisi\u00f3n. Por otro lado, sufrir dolor durante toda la bici en Texas y saber que aun me quedaba por correr un marat\u00f3n\u2026 me di cuenta que ya no ten\u00eda fuerzas ni ganas de seguir sufriendo\u201d.<\/p>\n<p style=\"text-align: justify;\">No en vano, el triatleta alem\u00e1n ha completado m\u00e1s de 30 distancias Ironman logrando su mayor \u00e9xito en 2005. Se proclam\u00f3 campe\u00f3n del mundo de la especialidad venciendo la carrera m\u00e1s importante y m\u00edtica del triatl\u00f3n de larga distancia. Vencer en Kona fue algo fant\u00e1stico para Faris Al-Sultan aunque nos confiesa la enorme dificultad de seguir luchando una vez eres el mejor del mundo.<\/p>\n<p style=\"text-align: justify;\">\u201cEn 2006, el a\u00f1o despu\u00e9s de proclamarme campe\u00f3n del mundo, segu\u00eda motivado y lo llev\u00e9 bastante bien, pero con el tiempo aparecieron lesiones y cada vez era m\u00e1s dif\u00edcil permanecer en la cima\u201d. Nunca m\u00e1s volvi\u00f3 a subirse a lo m\u00e1s alto en Kona aunque logr\u00f3 en varias ocasiones finalizar en top5 y en top10. Sin duda alguna una labor nada f\u00e1cil. \u201cA parte de haber sido muy constante en mis entrenamientos hay que destacar que tolero muy bien el calor y me encanta Kona, creo que estas razones han sido fundamentales para ser tan regular en Hawaii\u201d.<\/p>\n<p style=\"text-align: justify;\">A parte de empezar muy precoz en la larga distancia (con 19 a\u00f1os de edad), haber competido mucho y bien y ser un triatleta muy querido y respetado, no podemos pasar por alto el \u201clook\u201d retro que luce siempre que compite y que ha hecho, hace y de buen seguro har\u00e1 (a los m\u00e1s nost\u00e1lgicos) recordar por encima de muchos otros triatletas al bueno de Faris.<\/p>\n<p style=\"text-align: justify;\">\u201cEl <em>Speedo<\/em> (slip de nataci\u00f3n) no es nada inc\u00f3modo\u2026 adem\u00e1s cuando empec\u00e9 el material no era tan sofisticado como ahora. Todo era mucho m\u00e1s sencillo. Una vez te acostumbras no ten\u00eda la necesidad de cambiar. Nunca me han gustado los sistemas de hidrataci\u00f3n que van en el manillar\u2026 y cuando pon\u00eda bidones en el sill\u00edn muchas veces los perd\u00eda\u2026 era una cuesti\u00f3n de necesidad as\u00ed que por eso me pongo el bid\u00f3n en el ba\u00f1ador. \u00a1El t\u00fanel del viento nos indic\u00f3 que no hab\u00eda diferencia y yo voy c\u00f3modo!\u201d No hace falta mucho para darse cuenta de su sencillez y naturalidad\u2026 \u00bfverdad?<\/p>\n<p style=\"text-align: justify;\">Con el paso del tiempo, el triatl\u00f3n ha experimentado un crecimiento abismal en cuanto a participantes y n\u00famero de carreras se refiere. Sin embargo, no es oro todo lo que reluce\u2026 \u201cEstoy seguro que nuestro deporte seguir\u00e1 creciendo m\u00e1s con el paso del tiempo. Desafortunadamente no todas las facetas reciben este crecimiento. La situaci\u00f3n de los profesionales es peor que hace 10 a\u00f1os\u201d.<\/p>\n<p style=\"text-align: justify;\">Tan solo ha pasado una semana de su retirada y a\u00fan no tiene claro hacia d\u00f3nde encaminar\u00e1 su vida de ahora en adelante, sin embargo a diferencia de lo que muchos puedan pensar \u201cestoy muy tentado a dedicarme a algo que no tenga absolutamente nada que ver con el mundo del deporte\u2026 pero ya veremos. Antes debo cerrar varios temas pendientes de esta temporada\u2026\u201d<\/p>\n<p style=\"text-align: justify;\">Desde Triatletas en Red queremos agradecer la amabilidad de Faris Al-Sultan por contestar nuestras preguntas. Se va una leyenda del triatl\u00f3n, un mito de la larga distancia aunque su recuerdo seguro perdurar\u00e1 entro los amantes de este deporte. Si quer\u00e9is, pod\u00e9is leer la entrevista \u00edntegra (en ingl\u00e9s) apretando este enlace:<\/p>\n<p style=\"text-align: justify;\"><a href=\"https:\/\/vcastella.wordpress.com\/2015\/05\/22\/faris-al-sultan-legends-goodbye\/\" rel=\"nofollow noopener\" target=\"_blank\">https:\/\/vcastella.wordpress.com\/2015\/05\/22\/faris-al-sultan-legends-goodbye\/<\/a><\/p>\n<p style=\"text-align: justify;\">\n","protected":false},"excerpt":{"rendered":"<p>El alem\u00e1n Faris Al Sult\u00e1n, campe\u00f3n del mundo Ironman en 2005 anunci\u00f3 su retirada esta semana pasada. Charlamos con \u00e9l.<\/p>\n","protected":false},"author":259,"featured_media":35279,"comment_status":"open","ping_status":"open","sticky":false,"template":"","format":"standard","meta":{"_acf_changed":false,"rank_math_lock_modified_date":false,"footnotes":""},"categories":[17,19,1191],"tags":[],"class_list":{"0":"post-35278","1":"post","2":"type-post","3":"status-publish","4":"format-standard","5":"has-post-thumbnail","7":"category-actualidad","8":"category-competiciones","9":"category-triatlon"},"acf":[],"_links":{"self":[{"href":"https:\/\/miurltemporal.com/main/triatletasenred.sport.es\/wp-json\/wp\/v2\/posts\/35278"}],"collection":[{"href":"https:\/\/miurltemporal.com/main/triatletasenred.sport.es\/wp-json\/wp\/v2\/posts"}],"about":[{"href":"https:\/\/miurltemporal.com/main/triatletasenred.sport.es\/wp-json\/wp\/v2\/types\/post"}],"author":[{"embeddable":true,"href":"https:\/\/miurltemporal.com/main/triatletasenred.sport.es\/wp-json\/wp\/v2\/users\/259"}],"replies":[{"embeddable":true,"href":"https:\/\/miurltemporal.com/main/triatletasenred.sport.es\/wp-json\/wp\/v2\/comments?post=35278"}],"version-history":[{"count":0,"href":"https:\/\/miurltemporal.com/main/triatletasenred.sport.es\/wp-json\/wp\/v2\/posts\/35278\/revisions"}],"wp:featuredmedia":[{"embeddable":true,"href":"https:\/\/miurltemporal.com/main/triatletasenred.sport.es\/wp-json\/wp\/v2\/media\/35279"}],"wp:attachment":[{"href":"https:\/\/miurltemporal.com/main/triatletasenred.sport.es\/wp-json\/wp\/v2\/media?parent=35278"}],"wp:term":[{"taxonomy":"category","embeddable":true,"href":"https:\/\/miurltemporal.com/main/triatletasenred.sport.es\/wp-json\/wp\/v2\/categories?post=35278"},{"taxonomy":"post_tag","embeddable":true,"href":"https:\/\/miurltemporal.com/main/triatletasenred.sport.es\/wp-json\/wp\/v2\/tags?post=35278"}],"curies":[{"name":"wp","href":"https:\/\/api.w.org\/{rel}","templated":true}]}}