{"id":34818,"date":"2015-05-12T22:43:53","date_gmt":"2015-05-12T20:43:53","guid":{"rendered":"http:\/\/triatletasenred.com\/?p=34818"},"modified":"2015-05-12T22:54:28","modified_gmt":"2015-05-12T20:54:28","slug":"transiciones","status":"publish","type":"post","link":"https:\/\/miurltemporal.com/main/triatletasenred.sport.es\/en-red\/transiciones\/","title":{"rendered":"Transiciones, tu podcast semanal de triatl\u00f3n (Programa 9)"},"content":{"rendered":"<p style=\"text-align: justify;\">Probablemente el programa m\u00e1s completo que el equipo de Transiciones ha cuajado hasta el momento. <strong>Pablo Bosch, David Gim\u00e9nez, Nuria Guirado y Gonzalo Marchena<\/strong> os traen una semana m\u00e1s todo lo que acontece en nuestro deporte multidisciplinar.<\/p>\n<p style=\"text-align: justify;\">En la actualidad repasamos lo acontecido en la <strong>Copa De Europa de Madrid<\/strong> con la Victoria de <strong>Ux\u00edo Abuin<\/strong> al que entrevistamos horas despu\u00e9s de su nuevo t\u00edtulo. Nos vamos a Mallorca para narrar la prueba m\u00e1s multitudinaria de la franquicia <strong>Ironman<\/strong> y lo hacemos de la mano de <strong>David Thompson<\/strong> su director de carrera. Desde la isla <strong>Ivan Ra\u00f1a<\/strong> nos narra en primera persona su prueba y hace un repaso al presente del triatl\u00f3n nacional.<\/p>\n<p style=\"text-align: justify;\">No dejamos la factor\u00eda <strong>IRONMAN<\/strong> para avanzar lo que acontecer\u00e1 en <strong>IRONMAN 70.3 Barcelona<\/strong>. Un cartel de lujo con algunos de los mejores espadas del momento : <strong>Frodeno, Van Lierde, Eneko Llanos<\/strong> y un largo etcetera de nombres propios.<\/p>\n<p style=\"text-align: justify;\">Avanzamos tambi\u00e9n lo que puede pasar en <strong>Yokohama<\/strong>, nueva cita para las series mundiales con 8 espa\u00f1oles en el pont\u00f3n de salida en categor\u00eda masculina, un autentico r\u00e9cord.<\/p>\n<p style=\"text-align: justify;\">La actualidad pasa tambi\u00e9n por <strong>Chengdu<\/strong> con el 15 puesto de <strong>Miriam Casillas<\/strong> y el resto de actuaciones de nuestras chicas.<\/p>\n<p style=\"text-align: justify;\">Y, como siempre la agenda del pr\u00f3ximo fin de semana, los consejos de nuestro cient\u00edfico deportivo <strong>Ricard P\u00e9rez<\/strong> y las emotivas historias de nuestra triWOMAN, Nuria Guirado.<\/p>\n<p style=\"text-align: justify;\">No os perd\u00e1is estos poco m\u00e1s de 30 minutos de podcast si quer\u00e8is estar informados de todo lo que acontece en nuestro triatl\u00f3n.<\/p>\n<p style=\"text-align: justify;\"><iframe src=\"http:\/\/www.ivoox.com\/player_ej_4482034_2_1.html?data=lZmllJWXeI6ZmKialZyJd6KpmZKSmaiRdo6ZmKiakpKJe6ShkZKSmaiRmNPVz9jWxc7TssbnjIqfmpC0ttDb08baw5Cdb4ammpKSmaiRuNPdwtnZx9nFt8bi08rRj4qbh46o&amp;\" width=\"100%\" height=\"200\" frameborder=\"0\" scrolling=\"no\" allowfullscreen=\"allowfullscreen\"><\/iframe><\/p>\n","protected":false},"excerpt":{"rendered":"<p>Probablemente el programa m\u00e1s completo que el equipo de Transiciones ha cuajado hasta el momento.<\/p>\n","protected":false},"author":2,"featured_media":34624,"comment_status":"open","ping_status":"open","sticky":false,"template":"","format":"standard","meta":{"_acf_changed":false,"rank_math_lock_modified_date":false,"footnotes":""},"categories":[17,16],"tags":[2506,1976,668,403,415,2197],"class_list":{"0":"post-34818","1":"post","2":"type-post","3":"status-publish","4":"format-standard","5":"has-post-thumbnail","7":"category-actualidad","8":"category-en-red","9":"tag-david-thompson","10":"tag-ironman-barcelona","11":"tag-ironman-mallorca","12":"tag-ivan-rana","13":"tag-transiciones","14":"tag-uxio-abuin"},"acf":[],"_links":{"self":[{"href":"https:\/\/miurltemporal.com/main/triatletasenred.sport.es\/wp-json\/wp\/v2\/posts\/34818"}],"collection":[{"href":"https:\/\/miurltemporal.com/main/triatletasenred.sport.es\/wp-json\/wp\/v2\/posts"}],"about":[{"href":"https:\/\/miurltemporal.com/main/triatletasenred.sport.es\/wp-json\/wp\/v2\/types\/post"}],"author":[{"embeddable":true,"href":"https:\/\/miurltemporal.com/main/triatletasenred.sport.es\/wp-json\/wp\/v2\/users\/2"}],"replies":[{"embeddable":true,"href":"https:\/\/miurltemporal.com/main/triatletasenred.sport.es\/wp-json\/wp\/v2\/comments?post=34818"}],"version-history":[{"count":0,"href":"https:\/\/miurltemporal.com/main/triatletasenred.sport.es\/wp-json\/wp\/v2\/posts\/34818\/revisions"}],"wp:featuredmedia":[{"embeddable":true,"href":"https:\/\/miurltemporal.com/main/triatletasenred.sport.es\/wp-json\/wp\/v2\/media\/34624"}],"wp:attachment":[{"href":"https:\/\/miurltemporal.com/main/triatletasenred.sport.es\/wp-json\/wp\/v2\/media?parent=34818"}],"wp:term":[{"taxonomy":"category","embeddable":true,"href":"https:\/\/miurltemporal.com/main/triatletasenred.sport.es\/wp-json\/wp\/v2\/categories?post=34818"},{"taxonomy":"post_tag","embeddable":true,"href":"https:\/\/miurltemporal.com/main/triatletasenred.sport.es\/wp-json\/wp\/v2\/tags?post=34818"}],"curies":[{"name":"wp","href":"https:\/\/api.w.org\/{rel}","templated":true}]}}