{"id":34804,"date":"2015-05-13T18:12:21","date_gmt":"2015-05-13T16:12:21","guid":{"rendered":"http:\/\/triatletasenred.com\/?p=34804"},"modified":"2019-02-14T21:34:54","modified_gmt":"2019-02-14T19:34:54","slug":"half-menorca-triathlon-una-invitacion-al-paraiso","status":"publish","type":"post","link":"https:\/\/miurltemporal.com/main/triatletasenred.sport.es\/competiciones\/half-menorca-triathlon-una-invitacion-al-paraiso\/","title":{"rendered":"Artiem Half Menorca Triatl\u00f3n: una invitaci\u00f3n al para\u00edso"},"content":{"rendered":"<p style=\"text-align: justify;\"><strong>Sin duda, disputar una prueba deportiva (en este caso un triatl\u00f3n) es una de las mejores maneras que existen de conocer una ciudad, una zona, una regi\u00f3n\u00a0o, en definitiva, un territorio. Si el lugar en cuesti\u00f3n es tan incre\u00edble y espectacular en cuanto a paisajes como es la isla de Menorca, entonces descubrirlo mediante la actividad f\u00edsica es la excusa perfecta.<\/strong><\/p>\n<p style=\"text-align: justify;\"><img fetchpriority=\"high\" decoding=\"async\" class=\"aligncenter size-full wp-image-57465\" src=\"https:\/\/miurltemporal.com/main/triatletasenred.sport.es\/wp-content\/uploads\/BannerTriatl\u00f3n-750x100.jpg\" alt=\"\" width=\"750\" height=\"100\" srcset=\"https:\/\/miurltemporal.com/main/triatletasenred.sport.es\/wp-content\/uploads\/BannerTriatl\u00f3n-750x100.jpg 750w, https:\/\/miurltemporal.com/main/triatletasenred.sport.es\/wp-content\/uploads\/BannerTriatl\u00f3n-750x100-700x93.jpg 700w, https:\/\/miurltemporal.com/main/triatletasenred.sport.es\/wp-content\/uploads\/BannerTriatl\u00f3n-750x100-300x40.jpg 300w\" sizes=\"(max-width: 750px) 100vw, 750px\" \/><\/p>\n<p style=\"text-align: justify;\">El <strong>23 de setiembre<\/strong>, con la temporada tur\u00edstica llegando a su fin, <strong>Fornells<\/strong> acoger\u00e1 el Half Menorca Triathlon, que un a\u00f1o m\u00e1s volver\u00e1 a ser un <a href=\"https:\/\/miurltemporal.com/main/triatletasenred.sport.es\/actualidad\/el-half-menorca-cambia-de-precio-el-1-de-mayo\/\" target=\"_blank\" rel=\"noopener noreferrer\">\u00e9xito de participaci\u00f3n<\/a> llegando a los 600 triatletas.\u00a0M\u00e1s all\u00e1 de si eres un privilegiado que podr\u00e1 gozar de la isla los d\u00edas anteriores o posteriores a la carrera, el Artiem Half Menorca te permitir\u00e1 disfrutar de este entorno mediterr\u00e1neo como nunca m\u00e1s lo har\u00e1s (eso si no repites participaci\u00f3n en el futuro).<\/p>\n<p style=\"text-align: justify;\">Menorca es un peque\u00f1o para\u00edso terrenal. As\u00ed lo confirm\u00f3 la UNESCO en 1993 cuando la declar\u00f3 Reserva de la Biosfera y as\u00ed lo confirman todos aquellos que la visitan una y otra vez. As\u00ed pues, tanto si ya est\u00e1s inscrito como si a\u00fan no lo has hecho (no te duermas,\u00a0que las inscripciones van a muy buen ritmo), aqu\u00ed te contamos algunos de los regalos que te ofrece el Half Menorca Triathlon:<\/p>\n<p style=\"text-align: justify;\"><strong>\u00b7 Bah\u00eda de Fornells<\/strong>: El agua suele estar entre los 18\u00b0C y los 23\u00b0C, una temperatura que te permite elegir si quieres nadar con o sin neopreno. M\u00e1s all\u00e1 de esto, lo que ver\u00e1s delante de ti a las 07:30 de la ma\u00f1ana, hora del inicio de la prueba, es la bah\u00eda de Fornells. O lo que es lo mismo: aguas cristalinas, rocas y el sol que va asom\u00e1ndose. Una estampa magn\u00edfica que te dar\u00e1n ganas de quedarte sentado en la arena para no perderte detalle. El sector de nataci\u00f3n acostumbra a ser tranquilo ya que la forma de la bah\u00eda hace que las aguas est\u00e9n generalmente siempre calmadas. Tranquilo pues, en principio no sufrir\u00e1s por el oleaje o la corriente.<\/p>\n<p style=\"text-align: justify;\"><strong>\u00b7 Cam\u00ed d&#8217;en Kane<\/strong>: Una vez sobre la bici, los triatletas realizar\u00e1n kil\u00f3metros hasta adentrarse en la poblaci\u00f3n de Es Mercadal. Un recorrido que transcurre en un entorno natural, con vacas, campos de cultivo y, tambi\u00e9n hay que decirlo, alg\u00fan que otro repecho. Y posiblemente el sector estrella: el Cam\u00ed d&#8217;en Kane. Un sendero de caballos que cruza Menorca de Ciutadella a Ma\u00f3 y que des de Es Mercadal se convierte en toda una ruta paisaj\u00edstica. Su nombre se debe a Richard Kane, gobernador de la isla durante la ocupaci\u00f3n brit\u00e1nica del S.XVIII. Un camino en general plano y bien asfaltado.<\/p>\n<p style=\"text-align: center;\"><a href=\"https:\/\/miurltemporal.com/main/triatletasenred.sport.es\/wp-content\/uploads\/kane-2.jpg\"><img decoding=\"async\" class=\"alignnone size-medium wp-image-34810\" src=\"https:\/\/miurltemporal.com/main/triatletasenred.sport.es\/wp-content\/uploads\/kane-2-300x200.jpg\" alt=\"kane 2\" width=\"300\" height=\"200\" srcset=\"https:\/\/miurltemporal.com/main/triatletasenred.sport.es\/wp-content\/uploads\/kane-2-300x200.jpg 300w, https:\/\/miurltemporal.com/main/triatletasenred.sport.es\/wp-content\/uploads\/kane-2.jpg 633w\" sizes=\"(max-width: 300px) 100vw, 300px\" \/><\/a><\/p>\n<p style=\"text-align: justify;\"><strong>\u00b7 Torre de Fornells<\/strong>: Sin duda, el s\u00edmbolo de la carrera a pie. Una bonita fortificaci\u00f3n de 1802 que se utiliz\u00f3 como sistema de protecci\u00f3n de la entrada al puerto de Fornells y evitar posibles desembarcos de enemigos. Un lugar que ofrecer\u00e1 a los participantes (y a todo el p\u00fablico que se acerque) unas grandes vistas de la bah\u00eda de Fornells y el Cap de Cavalleria. Eso s\u00ed, antes de llegar\u00a0a la cima es necesario superar una subida de 300 metros con un desnivel del 6%.<\/p>\n<p style=\"text-align: center;\"><a href=\"https:\/\/miurltemporal.com/main/triatletasenred.sport.es\/wp-content\/uploads\/torre.jpg\"><img decoding=\"async\" class=\"alignnone size-medium wp-image-34812\" src=\"https:\/\/miurltemporal.com/main/triatletasenred.sport.es\/wp-content\/uploads\/torre-300x218.jpg\" alt=\"torre\" width=\"300\" height=\"218\" srcset=\"https:\/\/miurltemporal.com/main/triatletasenred.sport.es\/wp-content\/uploads\/torre-300x218.jpg 300w, https:\/\/miurltemporal.com/main/triatletasenred.sport.es\/wp-content\/uploads\/torre.jpg 557w\" sizes=\"(max-width: 300px) 100vw, 300px\" \/><\/a><\/p>\n<p style=\"text-align: justify;\">En definitiva, un triatl\u00f3n que se convierte en<strong> todo un placer para los ojos<\/strong>. Y para que te recuperes del esfuerzo, en meta te esperar\u00e1 un buen banquete, con paella, s\u00e1ndwiches, fruta etc. Y, claro est\u00e1, tu merecida medalla de finisher.<\/p>\n<p style=\"text-align: justify;\"><a class=\"vc_btn vc_btn-black vc_btn-sm vc_btn_square \" href=\"http:\/\/www.halfmenorca.com\/\" rel=\"nofollow noopener\" target=\"_blank\">P\u00e1gina web de la carrera<\/a><\/p>\n<p style=\"text-align: justify;\">\n","protected":false},"excerpt":{"rendered":"<p>La bah\u00eda de Fornells, el Cam\u00ed d&#8217;en Kane&#8230; \u00bfTe suena de algo? Unos lugares de lujo que podr\u00e1s disfrutar si te apuntas al Half Menorca Triathlon.<\/p>\n","protected":false},"author":23,"featured_media":34806,"comment_status":"open","ping_status":"open","sticky":false,"template":"","format":"standard","meta":{"_acf_changed":false,"rank_math_lock_modified_date":false,"footnotes":""},"categories":[19,1191],"tags":[258,3170,245],"class_list":{"0":"post-34804","1":"post","2":"type-post","3":"status-publish","4":"format-standard","5":"has-post-thumbnail","7":"category-competiciones","8":"category-triatlon","9":"tag-half","10":"tag-half-menorca-triathlon","11":"tag-menorca"},"acf":[],"_links":{"self":[{"href":"https:\/\/miurltemporal.com/main/triatletasenred.sport.es\/wp-json\/wp\/v2\/posts\/34804"}],"collection":[{"href":"https:\/\/miurltemporal.com/main/triatletasenred.sport.es\/wp-json\/wp\/v2\/posts"}],"about":[{"href":"https:\/\/miurltemporal.com/main/triatletasenred.sport.es\/wp-json\/wp\/v2\/types\/post"}],"author":[{"embeddable":true,"href":"https:\/\/miurltemporal.com/main/triatletasenred.sport.es\/wp-json\/wp\/v2\/users\/23"}],"replies":[{"embeddable":true,"href":"https:\/\/miurltemporal.com/main/triatletasenred.sport.es\/wp-json\/wp\/v2\/comments?post=34804"}],"version-history":[{"count":0,"href":"https:\/\/miurltemporal.com/main/triatletasenred.sport.es\/wp-json\/wp\/v2\/posts\/34804\/revisions"}],"wp:featuredmedia":[{"embeddable":true,"href":"https:\/\/miurltemporal.com/main/triatletasenred.sport.es\/wp-json\/wp\/v2\/media\/34806"}],"wp:attachment":[{"href":"https:\/\/miurltemporal.com/main/triatletasenred.sport.es\/wp-json\/wp\/v2\/media?parent=34804"}],"wp:term":[{"taxonomy":"category","embeddable":true,"href":"https:\/\/miurltemporal.com/main/triatletasenred.sport.es\/wp-json\/wp\/v2\/categories?post=34804"},{"taxonomy":"post_tag","embeddable":true,"href":"https:\/\/miurltemporal.com/main/triatletasenred.sport.es\/wp-json\/wp\/v2\/tags?post=34804"}],"curies":[{"name":"wp","href":"https:\/\/api.w.org\/{rel}","templated":true}]}}