{"id":34609,"date":"2015-05-06T20:48:15","date_gmt":"2015-05-06T18:48:15","guid":{"rendered":"http:\/\/triatletasenred.com\/?p=34609"},"modified":"2015-05-06T20:48:15","modified_gmt":"2015-05-06T18:48:15","slug":"diez-dias-para-el-half-pamplona-habla-su-director","status":"publish","type":"post","link":"https:\/\/miurltemporal.com/main/triatletasenred.sport.es\/entrevistas-triatlon\/diez-dias-para-el-half-pamplona-habla-su-director\/","title":{"rendered":"Diez d\u00edas para el Half Pamplona: habla su director"},"content":{"rendered":"<p style=\"text-align: justify;\"><strong>Solo 10 d\u00edas quedan para que arranque la primera edici\u00f3n del\u00a0Half Triathlon Pamplona-Iru\u00f1a (16 de mayo), una prueba que aspira a convertirse en referencia del calendario navarro y estatal. Con la organizaci\u00f3n ultimando los detalles y habiendo repasado a fondo <a href=\"https:\/\/miurltemporal.com/main/triatletasenred.sport.es\/actualidad\/los-circuitos-sena-de-identidad-del-half-triathlon-pamplona-iruna\/\" target=\"_blank\">los circuitos<\/a> desde Triatletas en Red, hemos querido hablar con Juan Cruz, director de carrera.<\/strong><\/p>\n<p style=\"text-align: justify;\"><strong>Quedan 10 d\u00edas para el Half Triathlon Pamplona y se han cerrado las inscripciones. \u00bfC\u00f3mo ha ido?<\/strong><\/p>\n<p style=\"text-align: justify;\">Desde la organizaci\u00f3n ten\u00edamos una previsi\u00f3n de un m\u00e1ximo de 600 participantes y se han inscrito 520 personas. La previsi\u00f3n se ha cumplido, y m\u00e1s teniendo en cuenta que pruebas cercanas a la nuestra hac\u00eda tiempo que ten\u00edan las inscripciones abiertas y esto nos pod\u00eda perjudicar.<\/p>\n<p style=\"text-align: justify;\"><strong>\u00bfQu\u00e9 objetivos os hab\u00e9is marcado teniendo en cuenta que es la primera edici\u00f3n?<\/strong><\/p>\n<p style=\"text-align: justify;\">El objetivo principal es hacer una prueba de calidad en cuatro sentidos: calidad para el triatleta, para la organizaci\u00f3n, para los voluntarios y para el espectador. Entendemos que si hacemos una prueba de calidad tenemos m\u00e1s opciones de que se afiance en el futuro y los participantes quieran repetir. A su vez, cumplimos con las demandas que ten\u00edamos de mucha gente ya que Half Pamplona es la herencia del Triatl\u00f3n\u00a0Aritzaleku, una prueba que llev\u00e1bamos celebrando en el Pantano de Alloz desde hace 12 a\u00f1os y ya hace 4 que era de media distancia. Ahora, esa prueba la trasladamos a Pamplona, mejorando el ambiente y la oferta de alojamiento.<\/p>\n<p style=\"text-align: justify;\"><strong>\u00bfY es por esos \u00faltimos a\u00f1os de experiencia en el Pantano de Alloz que hab\u00e9is decidido apostar por la media distancia?<\/strong><\/p>\n<p style=\"text-align: justify;\">S\u00ed,\u00a0ya en su momento con el Triatl\u00f3n Aritzaleku lo hicimos porque cre\u00edamos que hab\u00eda una demanda de media distancia en Pamplona. Adem\u00e1s, creo que reunimos las condiciones adecuadas para organizar una prueba con estas circunstancias y que desde la organizaci\u00f3n estamos bien preparados.<\/p>\n<p style=\"text-align: justify;\"><strong>\u00bfQu\u00e9 elementos del Half Pamplona cre\u00e9is que pueden sorprender a los triatletas?<\/strong><\/p>\n<p style=\"text-align: justify;\">En la nataci\u00f3n no habr\u00e1 demasiadas sorpresas pero s\u00ed en el sector de carrera a pie, que es el punto estrella de la prueba. A parte de recorrer partes emblem\u00e1ticas de Pamplona, hacemos un circuito a tres vueltas que pasa por el recorrido del encierro de los sanfermines, con la cuesta de Santo Domingo y la Plaza del Castillo. Eso le va a dar un ambiente espectacular.<\/p>\n<p style=\"text-align: justify;\"><strong>Un ambiente que puede\u00a0servir de gancho para que algunos triatletas quieran repetir participaci\u00f3n en el futuro.\u00a0<\/strong><\/p>\n<p style=\"text-align: justify;\">Seguro que s\u00ed. Quer\u00edamos que la carrera pasara tambi\u00e9n por la Calle Estafeta, un cl\u00e1sico de los sanfermines. Para esta primera edici\u00f3n no hemos podido pero creo que para pr\u00f3ximos a\u00f1os s\u00ed que lo conseguiremos. Tambi\u00e9n creo que la experiencia que llevamos acumulada, organizando el Triatl\u00f3n Aritzaleku, nos sirve para legitimarnos y demostrar que podemos hacerlo bien.<\/p>\n<p style=\"text-align: justify;\"><strong>\u00bfHalf Pamplona parte con la idea de afianzarse en Navarra y tambi\u00e9n a escala nacional?<\/strong><\/p>\n<p style=\"text-align: justify;\">S\u00ed, de entrada este a\u00f1o somos Campeonato de Navarra de Triatl\u00f3n de Larga Distancia, ya que no hay otra carrera que lo pueda albergar. Eso ya es un plus a\u00f1adido que va a incentivar\u00a0a los participantes y esperemos que con todo ello los participantes sigan anim\u00e1ndose a venir en el futuro.<\/p>\n<p style=\"text-align: justify;\"><strong>\u00bfAdem\u00e1s del Triatl\u00f3n Aritzaleku, hab\u00e9is tomado nota de alguna prueba m\u00e1s?\u00a0<\/strong><\/p>\n<p style=\"text-align: justify;\">En el caso del Half Pamplona, la organizaci\u00f3n est\u00e1 formada por dos equipos: el primero, que es el que ha venido organizando el Triatl\u00f3n Aritzaleku, y el segundo que goza de\u00a0renombre a nivel nacional y que tiene a triatletas potentes. Eso nos ha permitido unir las dos facetas y aportar, desde el segundo equipo, el punto de vista del triatleta. A parte, algunos llevamos ya 25 a\u00f1os compitiendo en triatlones de todo el pa\u00eds as\u00ed como internacionales y nos hemos ido quedando con detalles que nos han gustado. Eso ha permitido que tengamos elementos de la marca Ironman, la meta en forma de serpiente del Challenge Barcelona-Maresme, entre otros.<\/p>\n<p style=\"text-align: justify;\"><strong>\u00bfLa organizaci\u00f3n del Half Pamplona quedar\u00e1 satisfecha si&#8230;?<\/strong><\/p>\n<p style=\"text-align: justify;\">El lunes estaremos cansados, eso seguro. Y satisfechos esperemos que tambi\u00e9n. Esta claro que queremos que los triatletas queden satisfechos pero tambi\u00e9n los voluntarios, que son unos 250. Esperemos tambi\u00e9n que el p\u00fablico responda a la inversi\u00f3n que hemos hecho y que les guste el espect\u00e1culo.<\/p>\n<p style=\"text-align: justify;\"><a class=\"vc_btn vc_btn-default vc_btn-sm vc_btn_square \" href=\"http:\/\/www.triatlonpamplona.es\" rel=\"nofollow noopener\" target=\"_blank\">P\u00e1gina web de la carrera<\/a><\/p>\n<p style=\"text-align: justify;\"><a href=\"http:\/\/www.triatlonpamplona.es\" target=\"_blank\" rel=\"nofollow noopener\"><img fetchpriority=\"high\" decoding=\"async\" class=\"alignnone size-medium wp-image-32323\" src=\"https:\/\/miurltemporal.com/main/triatletasenred.sport.es\/wp-content\/uploads\/Half-Triathlon-Pamplona-Iru\u00f1a-300x227.jpg\" alt=\"Half Triathlon Pamplona Iru\u00f1a\" width=\"300\" height=\"227\" srcset=\"https:\/\/miurltemporal.com/main/triatletasenred.sport.es\/wp-content\/uploads\/Half-Triathlon-Pamplona-Iru\u00f1a-300x227.jpg 300w, https:\/\/miurltemporal.com/main/triatletasenred.sport.es\/wp-content\/uploads\/Half-Triathlon-Pamplona-Iru\u00f1a-80x60.jpg 80w, https:\/\/miurltemporal.com/main/triatletasenred.sport.es\/wp-content\/uploads\/Half-Triathlon-Pamplona-Iru\u00f1a.jpg 450w\" sizes=\"(max-width: 300px) 100vw, 300px\" \/><\/a><\/p>\n","protected":false},"excerpt":{"rendered":"<p>El 16 de mayo, 500 triatletas disputar\u00e1n el Half Triatl\u00f3n Pamplona. Analizamos la prueba con su director de carrera, Juan Cruz.<\/p>\n","protected":false},"author":23,"featured_media":32323,"comment_status":"open","ping_status":"open","sticky":false,"template":"","format":"standard","meta":{"_acf_changed":false,"rank_math_lock_modified_date":false,"footnotes":""},"categories":[17,10],"tags":[258,3214,3305,3213,3058,24],"class_list":{"0":"post-34609","1":"post","2":"type-post","3":"status-publish","4":"format-standard","5":"has-post-thumbnail","7":"category-actualidad","8":"category-entrevistas-triatlon","9":"tag-half","10":"tag-half-pamplona","11":"tag-half-triathlon-pamplona","12":"tag-half-triathlon-pamplona-iruna","13":"tag-pamplona","14":"tag-triatlon"},"acf":[],"_links":{"self":[{"href":"https:\/\/miurltemporal.com/main/triatletasenred.sport.es\/wp-json\/wp\/v2\/posts\/34609"}],"collection":[{"href":"https:\/\/miurltemporal.com/main/triatletasenred.sport.es\/wp-json\/wp\/v2\/posts"}],"about":[{"href":"https:\/\/miurltemporal.com/main/triatletasenred.sport.es\/wp-json\/wp\/v2\/types\/post"}],"author":[{"embeddable":true,"href":"https:\/\/miurltemporal.com/main/triatletasenred.sport.es\/wp-json\/wp\/v2\/users\/23"}],"replies":[{"embeddable":true,"href":"https:\/\/miurltemporal.com/main/triatletasenred.sport.es\/wp-json\/wp\/v2\/comments?post=34609"}],"version-history":[{"count":0,"href":"https:\/\/miurltemporal.com/main/triatletasenred.sport.es\/wp-json\/wp\/v2\/posts\/34609\/revisions"}],"wp:featuredmedia":[{"embeddable":true,"href":"https:\/\/miurltemporal.com/main/triatletasenred.sport.es\/wp-json\/wp\/v2\/media\/32323"}],"wp:attachment":[{"href":"https:\/\/miurltemporal.com/main/triatletasenred.sport.es\/wp-json\/wp\/v2\/media?parent=34609"}],"wp:term":[{"taxonomy":"category","embeddable":true,"href":"https:\/\/miurltemporal.com/main/triatletasenred.sport.es\/wp-json\/wp\/v2\/categories?post=34609"},{"taxonomy":"post_tag","embeddable":true,"href":"https:\/\/miurltemporal.com/main/triatletasenred.sport.es\/wp-json\/wp\/v2\/tags?post=34609"}],"curies":[{"name":"wp","href":"https:\/\/api.w.org\/{rel}","templated":true}]}}