{"id":34109,"date":"2015-05-04T16:05:15","date_gmt":"2015-05-04T14:05:15","guid":{"rendered":"http:\/\/triatletasenred.com\/?p=34109"},"modified":"2015-05-04T16:05:15","modified_gmt":"2015-05-04T14:05:15","slug":"vicente-hernandez-y-tamara-gomez-con-becas-podium","status":"publish","type":"post","link":"https:\/\/miurltemporal.com/main/triatletasenred.sport.es\/en-red\/vicente-hernandez-y-tamara-gomez-con-becas-podium\/","title":{"rendered":"Vicente Hern\u00e1ndez y Tamara G\u00f3mez, con Becas Podium"},"content":{"rendered":"<p style=\"text-align: justify;\">Los triatletas<strong> Vicente Hern\u00e1ndez y Tamara G\u00f3mez<\/strong> han protagonizado <a href=\"https:\/\/www.youtube.com\/watch?v=gomLmdONfYA\" target=\"_blank\" rel=\"nofollow noopener\">un spot para Becas Podium de Telef\u00f3nica<\/a>\u00a0en el que explican las principales caracter\u00edsticas de las modalidades de triatl\u00f3n que practican: la distancia ol\u00edmpica y la distancia sprint. Ambos escenifican en el v\u00eddeo c\u00f3mo se realiza un triatl\u00f3n y cu\u00e1les son los elementos m\u00e1s importantes a tener en cuenta a la hora de competir. Tamara G\u00f3mez afirma que&#8221;<em>muchas veces se pierden carreras en las transiciones<\/em>&#8221; y confirma que su sue\u00f1o &#8220;<em>sigue siendo estar en los Juegos Ol\u00edmpicos de R\u00edo de Janeiro 2016<\/em>&#8220;.<\/p>\n<p style=\"text-align: justify;\">Foto: Becas Podium<\/p>\n<p style=\"text-align: justify;\"><a href=\"http:\/\/www.bhbikes.com\/index.php?lang=es\" target=\"_blank\" rel=\"nofollow noopener\"><img fetchpriority=\"high\" decoding=\"async\" class=\"alignnone size-full wp-image-33871\" src=\"https:\/\/miurltemporal.com/main/triatletasenred.sport.es\/wp-content\/uploads\/IMG_9055.jpg\" alt=\"IMG_9055\" width=\"549\" height=\"127\" srcset=\"https:\/\/miurltemporal.com/main/triatletasenred.sport.es\/wp-content\/uploads\/IMG_9055.jpg 549w, https:\/\/miurltemporal.com/main/triatletasenred.sport.es\/wp-content\/uploads\/IMG_9055-300x69.jpg 300w\" sizes=\"(max-width: 549px) 100vw, 549px\" \/><\/a><\/p>\n<p>&nbsp;<\/p>\n","protected":false},"excerpt":{"rendered":"<p>Los triatletas Vicente Hern\u00e1ndez y Tamara G\u00f3mez han protagonizado un spot para Becas Podium en el que explican todas las caracter\u00edsticas del deporte.<\/p>\n","protected":false},"author":12,"featured_media":34553,"comment_status":"open","ping_status":"open","sticky":false,"template":"","format":"standard","meta":{"_acf_changed":false,"rank_math_lock_modified_date":false,"footnotes":""},"categories":[16,1191],"tags":[],"class_list":{"0":"post-34109","1":"post","2":"type-post","3":"status-publish","4":"format-standard","5":"has-post-thumbnail","7":"category-en-red","8":"category-triatlon"},"acf":[],"_links":{"self":[{"href":"https:\/\/miurltemporal.com/main/triatletasenred.sport.es\/wp-json\/wp\/v2\/posts\/34109"}],"collection":[{"href":"https:\/\/miurltemporal.com/main/triatletasenred.sport.es\/wp-json\/wp\/v2\/posts"}],"about":[{"href":"https:\/\/miurltemporal.com/main/triatletasenred.sport.es\/wp-json\/wp\/v2\/types\/post"}],"author":[{"embeddable":true,"href":"https:\/\/miurltemporal.com/main/triatletasenred.sport.es\/wp-json\/wp\/v2\/users\/12"}],"replies":[{"embeddable":true,"href":"https:\/\/miurltemporal.com/main/triatletasenred.sport.es\/wp-json\/wp\/v2\/comments?post=34109"}],"version-history":[{"count":0,"href":"https:\/\/miurltemporal.com/main/triatletasenred.sport.es\/wp-json\/wp\/v2\/posts\/34109\/revisions"}],"wp:featuredmedia":[{"embeddable":true,"href":"https:\/\/miurltemporal.com/main/triatletasenred.sport.es\/wp-json\/wp\/v2\/media\/34553"}],"wp:attachment":[{"href":"https:\/\/miurltemporal.com/main/triatletasenred.sport.es\/wp-json\/wp\/v2\/media?parent=34109"}],"wp:term":[{"taxonomy":"category","embeddable":true,"href":"https:\/\/miurltemporal.com/main/triatletasenred.sport.es\/wp-json\/wp\/v2\/categories?post=34109"},{"taxonomy":"post_tag","embeddable":true,"href":"https:\/\/miurltemporal.com/main/triatletasenred.sport.es\/wp-json\/wp\/v2\/tags?post=34109"}],"curies":[{"name":"wp","href":"https:\/\/api.w.org\/{rel}","templated":true}]}}