{"id":33762,"date":"2015-04-09T10:17:57","date_gmt":"2015-04-09T08:17:57","guid":{"rendered":"http:\/\/triatletasenred.com\/?p=33762"},"modified":"2015-04-09T10:17:57","modified_gmt":"2015-04-09T08:17:57","slug":"marcel-zamora-correra-por-segundo-ano-oravaman","status":"publish","type":"post","link":"https:\/\/miurltemporal.com/main/triatletasenred.sport.es\/actualidad\/marcel-zamora-correra-por-segundo-ano-oravaman\/","title":{"rendered":"Marcel Zamora correr\u00e1 por segundo a\u00f1o Oravaman"},"content":{"rendered":"<p style=\"text-align: justify;\">El a\u00f1o pasado, por sorpresa de algunos, el cinco veces campe\u00f3n del Ironman Niza y Embrunman, <strong>Marcel Zamora<\/strong>, viaj\u00f3 a Eslovaquia para competir. Fue en <a href=\"http:\/\/oravaman.sk\/\" target=\"_blank\" rel=\"nofollow noopener\"><strong>Oravaman<\/strong><\/a>, un triatl\u00f3n muy distinto y diferente a lo habitual. Una carrera marcada por los desniveles, con rampas aut\u00e9nticamente duras que desafiaron la capacidad de resistencia del catal\u00e1n, que acab\u00f3 consiguiendo la victoria con r\u00e9cord de la prueba incluido. Marcel volvi\u00f3 a casa contento por el resultado y, sobre todo, por el trato recibido en Eslovaquia, tal y como <a href=\"https:\/\/miurltemporal.com/main/triatletasenred.sport.es\/actualidad\/victoria-y-buenas-sensaciones-para-marcel-zamora-en-oravaman\/\" target=\"_blank\">explic\u00f3 a Triatletas en Red<\/a>.<\/p>\n<p style=\"text-align: justify;\">Le gust\u00f3 tanto la experiencia que ha decidido volver, y el pr\u00f3ximo 18 de julio Marcel Zamora volver\u00e1 a visitar el pa\u00eds situado en el este de Europa, otra vez con Embrunman en el horizonte. La organizaci\u00f3n de Oravaman ha querido agradecer el gesto publicando, en su p\u00e1gina web, <a href=\"http:\/\/oravaman.sk\/marcel-zamora-entrevista\/?lang=en\" target=\"_blank\" rel=\"nofollow noopener\"><strong>una entrevista<\/strong><\/a> en espa\u00f1ol al campe\u00f3n.<\/p>\n<p style=\"text-align: justify;\">Marcel no escatima en elogios hacia la carrera y su zona, que define como una maravilla. \u201c<em>Me pareci\u00f3 una zona muy virgen donde hay un respeto por la naturaleza y una harmon\u00eda hombre-naturaleza. Con ganas de estar m\u00e1s tiempo y poder conocer m\u00e1s<\/em>\u201d. El catal\u00e1n destaca que este tipo de carreras, m\u00e1s duras y con desniveles, se le dan muy bien y las disfruta mucho, motivo por el cual volver\u00e1 a Eslovaquia este a\u00f1o.<\/p>\n<p style=\"text-align: justify;\">Marcel Zamora recuerda el que es\u00a0su gran objetivo de la temporada: una <strong>sexta victoria en Embrunman<\/strong> que le convertir\u00eda en el triatleta con m\u00e1s triunfos en\u00a0la m\u00edtica prueba francesa. Antes, y si se recupera de las molestias en el tal\u00f3n de Aquiles, Marcel realizar\u00e1 un triatl\u00f3n de media distancia en mayo en Cerde\u00f1a, el Ironman de Texas o Lanzarote y el citado Oravaman.<\/p>\n<p style=\"text-align: justify;\">Durante la entrevista, Marcel Zamora tambi\u00e9n comenta divertidas an\u00e9cdotas, como la famosa <strong>pizza de at\u00fan<\/strong> que siempre come la noche anterior a una gran prueba, y sus ans\u00edas por comer chocolate poco despu\u00e9s de una carrera. Adem\u00e1s, Marcel reconoce las ganas que tiene de competir en m\u00edticas pruebas del deporte repartidas por el mundo, como la Marathon des Sables, el Ultra Trail del Mont Blanc o triatlones extremos como Norseman y Swissman: \u201c<em>Espero poder hacer todas estas y alguna m\u00e1s que tengo en la cabeza desde hace muchos a\u00f1os<\/em>\u201d.<\/p>\n<p style=\"text-align: justify;\">Una entrevista que cierra con un divertido mensaje por parte de la organizaci\u00f3n de Oravaman: \u201c<em>Gracias por la entrevista y ahora a entrenar las subidas y bajadas y a <strong>estudiar el eslovaco<\/strong><\/em>\u201d.<\/p>\n<p>Foto:\u00a0Rubinfoto.com<\/p>\n","protected":false},"excerpt":{"rendered":"<p>La p\u00e1gina web de Oravaman publica una entrevista en espa\u00f1ol a Marcel Zamora, donde este confirma que por segundo a\u00f1o va a competir en Eslovaquia.<\/p>\n","protected":false},"author":23,"featured_media":33766,"comment_status":"open","ping_status":"open","sticky":false,"template":"","format":"standard","meta":{"_acf_changed":false,"rank_math_lock_modified_date":false,"footnotes":""},"categories":[17,19,1191],"tags":[840,3221,2422,181,2286,923,2423],"class_list":{"0":"post-33762","1":"post","2":"type-post","3":"status-publish","4":"format-standard","5":"has-post-thumbnail","7":"category-actualidad","8":"category-competiciones","9":"category-triatlon","10":"tag-embrunman","11":"tag-eslovaquia","12":"tag-marcel","13":"tag-marcel-zamora","14":"tag-oravaman","15":"tag-triathlon","16":"tag-zamora"},"acf":[],"_links":{"self":[{"href":"https:\/\/miurltemporal.com/main/triatletasenred.sport.es\/wp-json\/wp\/v2\/posts\/33762"}],"collection":[{"href":"https:\/\/miurltemporal.com/main/triatletasenred.sport.es\/wp-json\/wp\/v2\/posts"}],"about":[{"href":"https:\/\/miurltemporal.com/main/triatletasenred.sport.es\/wp-json\/wp\/v2\/types\/post"}],"author":[{"embeddable":true,"href":"https:\/\/miurltemporal.com/main/triatletasenred.sport.es\/wp-json\/wp\/v2\/users\/23"}],"replies":[{"embeddable":true,"href":"https:\/\/miurltemporal.com/main/triatletasenred.sport.es\/wp-json\/wp\/v2\/comments?post=33762"}],"version-history":[{"count":0,"href":"https:\/\/miurltemporal.com/main/triatletasenred.sport.es\/wp-json\/wp\/v2\/posts\/33762\/revisions"}],"wp:featuredmedia":[{"embeddable":true,"href":"https:\/\/miurltemporal.com/main/triatletasenred.sport.es\/wp-json\/wp\/v2\/media\/33766"}],"wp:attachment":[{"href":"https:\/\/miurltemporal.com/main/triatletasenred.sport.es\/wp-json\/wp\/v2\/media?parent=33762"}],"wp:term":[{"taxonomy":"category","embeddable":true,"href":"https:\/\/miurltemporal.com/main/triatletasenred.sport.es\/wp-json\/wp\/v2\/categories?post=33762"},{"taxonomy":"post_tag","embeddable":true,"href":"https:\/\/miurltemporal.com/main/triatletasenred.sport.es\/wp-json\/wp\/v2\/tags?post=33762"}],"curies":[{"name":"wp","href":"https:\/\/api.w.org\/{rel}","templated":true}]}}