{"id":33405,"date":"2015-03-28T02:03:29","date_gmt":"2015-03-28T00:03:29","guid":{"rendered":"http:\/\/triatletasenred.com\/?p=33405"},"modified":"2015-03-28T02:03:29","modified_gmt":"2015-03-28T00:03:29","slug":"el-triatlon-de-los-jjoo-ya-tiene-fecha","status":"publish","type":"post","link":"https:\/\/miurltemporal.com/main/triatletasenred.sport.es\/actualidad\/el-triatlon-de-los-jjoo-ya-tiene-fecha\/","title":{"rendered":"El triatl\u00f3n de los JJOO ya tiene fecha"},"content":{"rendered":"<p style=\"text-align: justify;\">El <strong>Comit\u00e9 Organizador de los Juegos Ol\u00edmpicos de R\u00edo de Janeiro 2016<\/strong> ha dado a conocer las <strong>fechas de todas las competicones<\/strong> que tendr\u00e1n lugar durante la disputa de los mismos. En el caso del <strong>triatl\u00f3n<\/strong>, las fechas de las competiciones ser\u00e1n el <strong>18 y el 20 de agosto,\u00a0<\/strong>aunque a\u00fan no se ha especificado oficialmente qu\u00e9 d\u00eda\u00a0tendr\u00e1 lugar la prueba masculina y cuando la femenina. La competici\u00f3n\u00a0se celebrar\u00e1 en\u00a0el Fort de\u00a0Copacabana, donde se instalar\u00e1 una zona de transici\u00f3n y la l\u00ednea de llegada.<\/p>\n<p><a href=\"https:\/\/miurltemporal.com/main/triatletasenred.sport.es\/wp-content\/uploads\/JJOO-de-R\u00edo-20161.jpg\"><img fetchpriority=\"high\" decoding=\"async\" class=\"alignnone size-full wp-image-33422\" src=\"https:\/\/miurltemporal.com/main/triatletasenred.sport.es\/wp-content\/uploads\/JJOO-de-R\u00edo-20161.jpg\" alt=\"JJOO de R\u00edo 2016\" width=\"775\" height=\"551\" srcset=\"https:\/\/miurltemporal.com/main/triatletasenred.sport.es\/wp-content\/uploads\/JJOO-de-R\u00edo-20161.jpg 775w, https:\/\/miurltemporal.com/main/triatletasenred.sport.es\/wp-content\/uploads\/JJOO-de-R\u00edo-20161-700x498.jpg 700w, https:\/\/miurltemporal.com/main/triatletasenred.sport.es\/wp-content\/uploads\/JJOO-de-R\u00edo-20161-300x213.jpg 300w\" sizes=\"(max-width: 775px) 100vw, 775px\" \/><\/a><\/p>\n","protected":false},"excerpt":{"rendered":"<p>El Comit\u00e9 Organizador de los Juegos Ol\u00edmpicos de R\u00edo de Janeiro 2016 ha dado a conocer las fechas de todas las competiciones, entre ellas el triatl\u00f3n.<\/p>\n","protected":false},"author":6,"featured_media":33423,"comment_status":"open","ping_status":"open","sticky":false,"template":"","format":"standard","meta":{"_acf_changed":false,"rank_math_lock_modified_date":false,"footnotes":""},"categories":[17,2033,1191],"tags":[],"class_list":{"0":"post-33405","1":"post","2":"type-post","3":"status-publish","4":"format-standard","5":"has-post-thumbnail","7":"category-actualidad","8":"category-sport","9":"category-triatlon"},"acf":[],"_links":{"self":[{"href":"https:\/\/miurltemporal.com/main/triatletasenred.sport.es\/wp-json\/wp\/v2\/posts\/33405"}],"collection":[{"href":"https:\/\/miurltemporal.com/main/triatletasenred.sport.es\/wp-json\/wp\/v2\/posts"}],"about":[{"href":"https:\/\/miurltemporal.com/main/triatletasenred.sport.es\/wp-json\/wp\/v2\/types\/post"}],"author":[{"embeddable":true,"href":"https:\/\/miurltemporal.com/main/triatletasenred.sport.es\/wp-json\/wp\/v2\/users\/6"}],"replies":[{"embeddable":true,"href":"https:\/\/miurltemporal.com/main/triatletasenred.sport.es\/wp-json\/wp\/v2\/comments?post=33405"}],"version-history":[{"count":0,"href":"https:\/\/miurltemporal.com/main/triatletasenred.sport.es\/wp-json\/wp\/v2\/posts\/33405\/revisions"}],"wp:featuredmedia":[{"embeddable":true,"href":"https:\/\/miurltemporal.com/main/triatletasenred.sport.es\/wp-json\/wp\/v2\/media\/33423"}],"wp:attachment":[{"href":"https:\/\/miurltemporal.com/main/triatletasenred.sport.es\/wp-json\/wp\/v2\/media?parent=33405"}],"wp:term":[{"taxonomy":"category","embeddable":true,"href":"https:\/\/miurltemporal.com/main/triatletasenred.sport.es\/wp-json\/wp\/v2\/categories?post=33405"},{"taxonomy":"post_tag","embeddable":true,"href":"https:\/\/miurltemporal.com/main/triatletasenred.sport.es\/wp-json\/wp\/v2\/tags?post=33405"}],"curies":[{"name":"wp","href":"https:\/\/api.w.org\/{rel}","templated":true}]}}