{"id":33387,"date":"2015-03-26T21:10:03","date_gmt":"2015-03-26T19:10:03","guid":{"rendered":"http:\/\/triatletasenred.com\/?p=33387"},"modified":"2016-02-26T15:15:30","modified_gmt":"2016-02-26T13:15:30","slug":"richard-calle","status":"publish","type":"post","link":"https:\/\/miurltemporal.com/main/triatletasenred.sport.es\/actualidad\/richard-calle\/","title":{"rendered":"Richard Calle pasar\u00e1 finalmente por el quir\u00f3fano"},"content":{"rendered":"<h3 style=\"text-align: justify;\">El que fuera campe\u00f3n de Espa\u00f1a de Larga Distancia en 2013 atraviesa un momento complicado en su dilatada trayectoria deportiva. Tras una temporada 2014 irregular, Richard Calle\u00a0confirm\u00f3 en el podcast de triatl\u00f3n <a href=\"https:\/\/twitter.com\/TransicionesFM\" target=\"_blank\" rel=\"nofollow noopener\">Transiciones<\/a> que una lesi\u00f3n de cadera le impidi\u00f3 entrenar con normalidad. El pr\u00f3ximo 7 de abril Richard Calle pasar\u00e1 por quir\u00f3fano.<\/h3>\n<p style=\"text-align: justify;\">&#8220;<em>La vida tiene estas cosas y hay que asimilarlas e intentar remontar. Toca aprovechar otros aspectos que tal vez los deportistas tenemos olvidadas por nuestras rutinas de entreno<\/em>&#8220;. Con estas palabras, un Richard claramente preocupado declaraba en el <a href=\"https:\/\/twitter.com\/TransicionesFM\" target=\"_blank\" rel=\"nofollow noopener\">programa Transiciones<\/a> su situaci\u00f3n actual. El catal\u00e1n arrastra una<strong> lesi\u00f3n de cadera desde hace meses<\/strong>\u00a0que le provocaba un intenso dolor al entrenar la carrera a pie, y que ahora le lleva al quir\u00f3fano.<\/p>\n<p style=\"text-align: justify;\">Richard Calle, maestro de profesi\u00f3n, confes\u00f3 que vive una situaci\u00f3n inc\u00f3moda a la vez que se mostraba esperanzado para\u00a0volver a reanudar la actividad del d\u00eda a d\u00eda. Por lo\u00a0menos respecto a la recuperaci\u00f3n para caminar y poder hacer ejercicio de bajo impacto, aunque \u00e9l mismo nos dec\u00eda que daba\u00a0por finiquitada la temporada 2015.<\/p>\n<p style=\"text-align: justify;\">El de Viladecans agradeci\u00f3 las muestras de apoyo de sus amigos, familiares y seguidores y quiso hacer menci\u00f3n a sus patrocinadores, que a pesar de que estar\u00e1 un a\u00f1o en el dique seco, han confirmado su apoyo incondicional. Es el caso de la marca de prendas personalizadas Viator o su estudio biomec\u00e1nico Cyclist Lab, sus principales patrocinadores.<\/p>\n<p style=\"text-align: justify;\">Desde Triatletas en Red queremos mandar tambi\u00e9n nuestro \u00e1nimo y apoyo a Richard Calle y esperamos tener pronto la oportunidad de poder ver\u00a0al &#8220;Pancer&#8221; de Viladecans en los boxes de una carrera.<\/p>\n","protected":false},"excerpt":{"rendered":"<p>El triatleta Richard Calle pas\u00f3 por los micr\u00f3fonos de Transiciones para explicar la situaci\u00f3n que vive y que le obliga a pasar por quir\u00f3fano en abril.<\/p>\n","protected":false},"author":2,"featured_media":33433,"comment_status":"open","ping_status":"open","sticky":false,"template":"","format":"standard","meta":{"_acf_changed":false,"rank_math_lock_modified_date":false,"footnotes":""},"categories":[17,1191],"tags":[434,590,3189,537,2940],"class_list":{"0":"post-33387","1":"post","2":"type-post","3":"status-publish","4":"format-standard","5":"has-post-thumbnail","7":"category-actualidad","8":"category-triatlon","9":"tag-argon-18","10":"tag-cyclistlab","11":"tag-lesion-de-cadera","12":"tag-richard-calle","13":"tag-viator"},"acf":[],"_links":{"self":[{"href":"https:\/\/miurltemporal.com/main/triatletasenred.sport.es\/wp-json\/wp\/v2\/posts\/33387"}],"collection":[{"href":"https:\/\/miurltemporal.com/main/triatletasenred.sport.es\/wp-json\/wp\/v2\/posts"}],"about":[{"href":"https:\/\/miurltemporal.com/main/triatletasenred.sport.es\/wp-json\/wp\/v2\/types\/post"}],"author":[{"embeddable":true,"href":"https:\/\/miurltemporal.com/main/triatletasenred.sport.es\/wp-json\/wp\/v2\/users\/2"}],"replies":[{"embeddable":true,"href":"https:\/\/miurltemporal.com/main/triatletasenred.sport.es\/wp-json\/wp\/v2\/comments?post=33387"}],"version-history":[{"count":0,"href":"https:\/\/miurltemporal.com/main/triatletasenred.sport.es\/wp-json\/wp\/v2\/posts\/33387\/revisions"}],"wp:featuredmedia":[{"embeddable":true,"href":"https:\/\/miurltemporal.com/main/triatletasenred.sport.es\/wp-json\/wp\/v2\/media\/33433"}],"wp:attachment":[{"href":"https:\/\/miurltemporal.com/main/triatletasenred.sport.es\/wp-json\/wp\/v2\/media?parent=33387"}],"wp:term":[{"taxonomy":"category","embeddable":true,"href":"https:\/\/miurltemporal.com/main/triatletasenred.sport.es\/wp-json\/wp\/v2\/categories?post=33387"},{"taxonomy":"post_tag","embeddable":true,"href":"https:\/\/miurltemporal.com/main/triatletasenred.sport.es\/wp-json\/wp\/v2\/tags?post=33387"}],"curies":[{"name":"wp","href":"https:\/\/api.w.org\/{rel}","templated":true}]}}