{"id":33369,"date":"2015-03-27T12:14:58","date_gmt":"2015-03-27T10:14:58","guid":{"rendered":"http:\/\/triatletasenred.com\/?p=33369"},"modified":"2015-03-27T12:14:58","modified_gmt":"2015-03-27T10:14:58","slug":"jan-frodeno-favorito-en-ironman-70-3-oceanside","status":"publish","type":"post","link":"https:\/\/miurltemporal.com/main/triatletasenred.sport.es\/competiciones\/jan-frodeno-favorito-en-ironman-70-3-oceanside\/","title":{"rendered":"Jan Frodeno, favorito en Ironman 70.3 Oceanside"},"content":{"rendered":"<p style=\"text-align: justify;\">El triatleta alem\u00e1n <strong>Jan Frodeno<\/strong> es el m\u00e1ximo favorito a la victoria en el <strong>Ironman 70.3 de Oceanside<\/strong>, que se disputa este fin de semana en tierras californianas. Tras renunciar a participar en el Challenge Dubai por una ca\u00edda en bicicleta, el germano competir\u00e1 en una prueba que ya gan\u00f3 en 2014, acabando por delante de Andy Potts y Sebastian Kienle. Entre sus rivales en esta edici\u00f3n del Ironman 70.3 Oceanside volver\u00e1 a estar Andy Potts, favorito a la victoria.<\/p>\n<p style=\"text-align: justify;\">El gran objetivo de Frodeno en 2015 es subir a lo m\u00e1s alto del <strong>Ironman de Haw\u00e1i<\/strong>, carrera en la que acab\u00f3 tercero tras Sebastian Kienle y Ben Hoffman en 2014. Esta misma semana, el director de <strong>Ironman 70.3 Barcelona<\/strong> Agust\u00ed P\u00e9rez, confirm\u00f3 en el podcast Transiciones, que <a href=\"http:\/\/t.co\/6pV3rtTMuS\" target=\"_blank\" rel=\"nofollow\"><strong>Frodeno estar\u00e1 en la l\u00ednea de salida de la prueba del 17 de mayo<\/strong><\/a>, compartiendo cartel con triatletas de la talla de Iv\u00e1n Ra\u00f1a o Frederik Van Lierde, entre otros.<\/p>\n<p style=\"text-align: justify;\">Foto: MundoTRI<\/p>\n","protected":false},"excerpt":{"rendered":"<p>El triatleta alem\u00e1n es el m\u00e1ximo favorito a llevarse la victoria en California, prueba que se disputa este fin de semana. Frodeno estar\u00e1 en 70.3 Barcelona.<\/p>\n","protected":false},"author":12,"featured_media":33419,"comment_status":"open","ping_status":"open","sticky":false,"template":"","format":"standard","meta":{"_acf_changed":false,"rank_math_lock_modified_date":false,"footnotes":""},"categories":[19,2033,1191],"tags":[],"class_list":{"0":"post-33369","1":"post","2":"type-post","3":"status-publish","4":"format-standard","5":"has-post-thumbnail","7":"category-competiciones","8":"category-sport","9":"category-triatlon"},"acf":[],"_links":{"self":[{"href":"https:\/\/miurltemporal.com/main/triatletasenred.sport.es\/wp-json\/wp\/v2\/posts\/33369"}],"collection":[{"href":"https:\/\/miurltemporal.com/main/triatletasenred.sport.es\/wp-json\/wp\/v2\/posts"}],"about":[{"href":"https:\/\/miurltemporal.com/main/triatletasenred.sport.es\/wp-json\/wp\/v2\/types\/post"}],"author":[{"embeddable":true,"href":"https:\/\/miurltemporal.com/main/triatletasenred.sport.es\/wp-json\/wp\/v2\/users\/12"}],"replies":[{"embeddable":true,"href":"https:\/\/miurltemporal.com/main/triatletasenred.sport.es\/wp-json\/wp\/v2\/comments?post=33369"}],"version-history":[{"count":0,"href":"https:\/\/miurltemporal.com/main/triatletasenred.sport.es\/wp-json\/wp\/v2\/posts\/33369\/revisions"}],"wp:featuredmedia":[{"embeddable":true,"href":"https:\/\/miurltemporal.com/main/triatletasenred.sport.es\/wp-json\/wp\/v2\/media\/33419"}],"wp:attachment":[{"href":"https:\/\/miurltemporal.com/main/triatletasenred.sport.es\/wp-json\/wp\/v2\/media?parent=33369"}],"wp:term":[{"taxonomy":"category","embeddable":true,"href":"https:\/\/miurltemporal.com/main/triatletasenred.sport.es\/wp-json\/wp\/v2\/categories?post=33369"},{"taxonomy":"post_tag","embeddable":true,"href":"https:\/\/miurltemporal.com/main/triatletasenred.sport.es\/wp-json\/wp\/v2\/tags?post=33369"}],"curies":[{"name":"wp","href":"https:\/\/api.w.org\/{rel}","templated":true}]}}