{"id":33324,"date":"2015-03-23T12:40:11","date_gmt":"2015-03-23T10:40:11","guid":{"rendered":"http:\/\/triatletasenred.com\/?p=33324"},"modified":"2015-03-23T12:40:11","modified_gmt":"2015-03-23T10:40:11","slug":"cesc-godoy-rumbo-a-nueva-zelanda","status":"publish","type":"post","link":"https:\/\/miurltemporal.com/main/triatletasenred.sport.es\/actualidad\/cesc-godoy-rumbo-a-nueva-zelanda\/","title":{"rendered":"Cesc Godoy, rumbo a Nueva Zelanda"},"content":{"rendered":"<p style=\"text-align: justify;\">Despu\u00e9s de pasar dos semanas en Barcelona recuper\u00e1ndose tras la <strong>Serie Mundial de Abu Dhabi<\/strong>, <strong>Cesc Godoy<\/strong> ha puesto rumbo a Nueva Zelanda este domingo. El triatleta catal\u00e1n competir\u00e1 en la <strong>Serie Mundial de Auckland<\/strong> como pr\u00f3xima carrera. &#8220;<em>Desde que puse el pie en Abu Dhabi todo sali\u00f3 mal. Primero la gripe, luego una alergia producida por una picadura durante la carrera, en fin, han sido unos d\u00edas duros, pero ya recuperado y a tope para la siguiente carrera el pr\u00f3ximo 29 en Auckland. Estoy de vuelta, a por todas!!<\/em>&#8221; comentaba Godoy en su p\u00e1gina de Facebook, que todav\u00eda no ha detectado qu\u00e9 picadura le dio la alergia. El catal\u00e1n ha podido volver a entrenar con normalidad esta \u00faltima semana y afronta la vuelta a la competici\u00f3n con muchas ganas y las fuerzas renovadas.<\/p>\n<p>&nbsp;<\/p>\n","protected":false},"excerpt":{"rendered":"<p>El triatleta catal\u00e1n vuela a estas horas hacia Nueva Zelanda, sede de la pr\u00f3xima Serie Mundial ITU, que se disputa el pr\u00f3ximo 28 de marzo.<\/p>\n","protected":false},"author":12,"featured_media":33336,"comment_status":"open","ping_status":"open","sticky":false,"template":"","format":"standard","meta":{"_acf_changed":false,"rank_math_lock_modified_date":false,"footnotes":""},"categories":[17,2033,1191],"tags":[],"class_list":{"0":"post-33324","1":"post","2":"type-post","3":"status-publish","4":"format-standard","5":"has-post-thumbnail","7":"category-actualidad","8":"category-sport","9":"category-triatlon"},"acf":[],"_links":{"self":[{"href":"https:\/\/miurltemporal.com/main/triatletasenred.sport.es\/wp-json\/wp\/v2\/posts\/33324"}],"collection":[{"href":"https:\/\/miurltemporal.com/main/triatletasenred.sport.es\/wp-json\/wp\/v2\/posts"}],"about":[{"href":"https:\/\/miurltemporal.com/main/triatletasenred.sport.es\/wp-json\/wp\/v2\/types\/post"}],"author":[{"embeddable":true,"href":"https:\/\/miurltemporal.com/main/triatletasenred.sport.es\/wp-json\/wp\/v2\/users\/12"}],"replies":[{"embeddable":true,"href":"https:\/\/miurltemporal.com/main/triatletasenred.sport.es\/wp-json\/wp\/v2\/comments?post=33324"}],"version-history":[{"count":0,"href":"https:\/\/miurltemporal.com/main/triatletasenred.sport.es\/wp-json\/wp\/v2\/posts\/33324\/revisions"}],"wp:featuredmedia":[{"embeddable":true,"href":"https:\/\/miurltemporal.com/main/triatletasenred.sport.es\/wp-json\/wp\/v2\/media\/33336"}],"wp:attachment":[{"href":"https:\/\/miurltemporal.com/main/triatletasenred.sport.es\/wp-json\/wp\/v2\/media?parent=33324"}],"wp:term":[{"taxonomy":"category","embeddable":true,"href":"https:\/\/miurltemporal.com/main/triatletasenred.sport.es\/wp-json\/wp\/v2\/categories?post=33324"},{"taxonomy":"post_tag","embeddable":true,"href":"https:\/\/miurltemporal.com/main/triatletasenred.sport.es\/wp-json\/wp\/v2\/tags?post=33324"}],"curies":[{"name":"wp","href":"https:\/\/api.w.org\/{rel}","templated":true}]}}