{"id":32895,"date":"2015-03-05T21:55:26","date_gmt":"2015-03-05T19:55:26","guid":{"rendered":"http:\/\/triatletasenred.com\/?p=32895"},"modified":"2016-03-08T15:05:10","modified_gmt":"2016-03-08T13:05:10","slug":"las-series-mundiales-de-abu-dhabi-abren-el-espectaculo","status":"publish","type":"post","link":"https:\/\/miurltemporal.com/main/triatletasenred.sport.es\/actualidad\/las-series-mundiales-de-abu-dhabi-abren-el-espectaculo\/","title":{"rendered":"Las Series Mundiales de Abu Dhabi abren el espect\u00e1culo"},"content":{"rendered":"<p style=\"text-align: justify;\"><strong>G\u00f3mez Noya, J. Brownlee, Mola, Murray, Polyanskiy, Pereira\u00a0y un largo etc\u00e9tera. Tras varios meses de espera, los mejores triatletas del mundo ya est\u00e1n preparados para volver a competir al m\u00e1ximo. Empieza una nueva edici\u00f3n de las Series Mundiales con 10 pruebas en el calendario. 10 pruebas al l\u00edmite, la primera de ellas en Abu Dhabi.<\/strong><\/p>\n<p style=\"text-align: justify;\"><strong>Abr\u00f3chense los cinturones<\/strong> y abran bien los ojos. Esperen la hora y disfruten como ni\u00f1os porque empiezan de nuevo las Series Mundiales de Triatl\u00f3n ITU. En distancia sprint u ol\u00edmpica, los mejores triatletas van a luchar al m\u00e1ximo en 10 pruebas repartidas por todo el mundo. En 2014, poco m\u00e1s de 300 puntos separaron el campe\u00f3n, Javier G\u00f3mez Noya, del tercero, Jonathan Brownlee, en un\u00a0podio final muy apretado. Este a\u00f1o no se espera menos emoci\u00f3n. Una primera batalla (de una larga guerra) que va a tener lugar ni m\u00e1s ni menos que en <a href=\"http:\/\/abudhabi.triathlon.org\/\" target=\"_blank\" rel=\"nofollow noopener\">Abu Dhabi<\/a>, que se estrena en el Mundial, y sobre <strong>distancia sprint<\/strong>.<\/p>\n<p style=\"text-align: justify;\">Pese a la sensaci\u00f3n inicial de que pod\u00edan faltar nombres importantes en la primera prueba del campeonato, la realidad es que est\u00e1n todos. En categor\u00eda masculina, el actual defensor del t\u00edtulo, <strong>Javier G\u00f3mez Noya<\/strong>, encabeza una lista larga de participantes. Solo habr\u00e1 una baja en el Top10 de 2014 pero importante, la de <a href=\"https:\/\/miurltemporal.com/main/triatletasenred.sport.es\/actualidad\/alistair-brownlee-no-participara-en-las-series-mundiales-de-abu-dhabi\/\" target=\"_blank\">Alistair Brownlee<\/a>, anunciada recientemente. <strong>Murray<\/strong>, <strong>Pereira<\/strong>, <strong>Luis<\/strong>, <strong>Polyanskiy<\/strong>, <strong>Bailie<\/strong>,<strong> Royle<\/strong>, todos ellos aspirantes al t\u00edtulo que arrancar\u00e1n en el Golfo P\u00e9rsico una nueva temporada. De hecho, hay que bajar hasta la 19\u00ba posici\u00f3n de la general final de 2014 para encontrar un triatleta que no estar\u00e1 en el estreno de estas Series Mundiales: el neozeland\u00e9s Ryan Sissons.<\/p>\n<p style=\"text-align: justify;\">Evidentemente, los espa\u00f1oles tendr\u00e1n una participaci\u00f3n destacada, como m\u00ednimo en n\u00famero. Adem\u00e1s de Javier G\u00f3mez Noya, correr\u00e1n entre unos paisajes de lujo <strong>Mario Mola<\/strong>, <strong>Fernando Alarza<\/strong>, <strong>Vicente Hern\u00e1ndez<\/strong>, <strong>Cesc Godoy<\/strong> y el debutante <strong>David Castro<\/strong>. Todos\u00a0ellos\u00a0se espera que puedan luchar por los primeros puestos. No obstante, Mola y Alarza ya lo demostraron a lo largo del a\u00f1o pasado.<\/p>\n<p style=\"text-align: justify;\">Respecto al estado de forma de <strong>G\u00f3mez Noya<\/strong>, no deja de ser una inc\u00f3gnita. La retirada en el Challenge Dubai por problemas en el gl\u00fateo crea dudas. En la rueda de prensa previa a la carrera, el ferrolano no toc\u00f3 el tema pero s\u00ed valor\u00f3 la nueva temporada: \u201c<em>Es la primera carrera del a\u00f1o y uno nunca sabe qu\u00e9 esperar. Estoy deseando que llegue. Sin duda, me va a servir para coger el ritmo de competici\u00f3n. Hay que estar en forma hasta el final, especialmente en la Gran Final de Chicago<\/em>\u201d.<\/p>\n<p style=\"text-align: justify;\">Uno de sus principales rivales, <strong>Jonathan Brownlee<\/strong>, explic\u00f3 tambi\u00e9n en la rueda de prensa previa que \u201c<em>2014 no fue mi mejor a\u00f1o, no fue muy consistente. Abu Dhabi es una carrera corta as\u00ed que puede pasar cualquier cosa<\/em>\u201d.<\/p>\n<p style=\"text-align: justify;\">As\u00ed pues, todo preparado para arrancar los motores. La prueba femenina ser\u00e1 la encargada de abrir fuego, a las 15:06h del s\u00e1bado (12:06h hora espa\u00f1ola), mientras que la masculina empezar\u00e1 a las 17:06 (14:06h hora espa\u00f1ola). Ambas se podr\u00e1n seguir a trav\u00e9s del canal oficial de triathlon.tv.<\/p>\n<p style=\"text-align: justify;\">Foto: Javier G\u00f3mez Noya<\/p>\n","protected":false},"excerpt":{"rendered":"<p>Rodeados de lujo, el s\u00e1bado los mejores triatletas del mundo disputar\u00e1n las Series Mundiales de Abu Dhabi, la primera del a\u00f1o.<\/p>\n","protected":false},"author":23,"featured_media":32896,"comment_status":"open","ping_status":"open","sticky":false,"template":"","format":"standard","meta":{"_acf_changed":false,"rank_math_lock_modified_date":false,"footnotes":""},"categories":[17,19,1191],"tags":[1892,2158,930,819,607,923,24,2004],"class_list":{"0":"post-32895","1":"post","2":"type-post","3":"status-publish","4":"format-standard","5":"has-post-thumbnail","7":"category-actualidad","8":"category-competiciones","9":"category-triatlon","11":"tag-brownlee","12":"tag-itu","13":"tag-javier-gomez-noya","14":"tag-mola","15":"tag-triathlon","16":"tag-triatlon","17":"tag-world-triathlon-series-mundiales"},"acf":[],"_links":{"self":[{"href":"https:\/\/miurltemporal.com/main/triatletasenred.sport.es\/wp-json\/wp\/v2\/posts\/32895"}],"collection":[{"href":"https:\/\/miurltemporal.com/main/triatletasenred.sport.es\/wp-json\/wp\/v2\/posts"}],"about":[{"href":"https:\/\/miurltemporal.com/main/triatletasenred.sport.es\/wp-json\/wp\/v2\/types\/post"}],"author":[{"embeddable":true,"href":"https:\/\/miurltemporal.com/main/triatletasenred.sport.es\/wp-json\/wp\/v2\/users\/23"}],"replies":[{"embeddable":true,"href":"https:\/\/miurltemporal.com/main/triatletasenred.sport.es\/wp-json\/wp\/v2\/comments?post=32895"}],"version-history":[{"count":0,"href":"https:\/\/miurltemporal.com/main/triatletasenred.sport.es\/wp-json\/wp\/v2\/posts\/32895\/revisions"}],"wp:featuredmedia":[{"embeddable":true,"href":"https:\/\/miurltemporal.com/main/triatletasenred.sport.es\/wp-json\/wp\/v2\/media\/32896"}],"wp:attachment":[{"href":"https:\/\/miurltemporal.com/main/triatletasenred.sport.es\/wp-json\/wp\/v2\/media?parent=32895"}],"wp:term":[{"taxonomy":"category","embeddable":true,"href":"https:\/\/miurltemporal.com/main/triatletasenred.sport.es\/wp-json\/wp\/v2\/categories?post=32895"},{"taxonomy":"post_tag","embeddable":true,"href":"https:\/\/miurltemporal.com/main/triatletasenred.sport.es\/wp-json\/wp\/v2\/tags?post=32895"}],"curies":[{"name":"wp","href":"https:\/\/api.w.org\/{rel}","templated":true}]}}