{"id":32865,"date":"2015-03-05T15:36:00","date_gmt":"2015-03-05T13:36:00","guid":{"rendered":"http:\/\/triatletasenred.com\/?p=32865"},"modified":"2015-03-05T15:36:00","modified_gmt":"2015-03-05T13:36:00","slug":"mar-hernandez-del-cancer-a-la-oakley-gfny-barcelona","status":"publish","type":"post","link":"https:\/\/miurltemporal.com/main/triatletasenred.sport.es\/actualidad\/mar-hernandez-del-cancer-a-la-oakley-gfny-barcelona\/","title":{"rendered":"Mar Hern\u00e1ndez, del c\u00e1ncer a la Oakley GFNY Barcelona"},"content":{"rendered":"<p style=\"text-align: justify;\"><strong>Un c\u00e1ncer de mama le subi\u00f3 a los pedales. Es la historia personal de Mar Hern\u00e1ndez, una catalana que encontr\u00f3 en la bici una manera de canalizar la rabia interior y superar la enfermedad. Con la vista puesta en la Titan Desert, disputar\u00e1 la Oakley GFNY Barcelona el pr\u00f3ximo 22 de marzo.<\/strong><\/p>\n<p style=\"text-align: justify;\">Quedan pocas semanas para la celebraci\u00f3n de la <a href=\"http:\/\/gfnybarcelona.com\/\" target=\"_blank\" rel=\"nofollow noopener\"><strong>Oakley GFNY Barcelona<\/strong><\/a>, que el 22 de marzo concentrar\u00e1 a centenares de aficionados a la bicicleta. 160 y 110 kil\u00f3metros, las dos distancias ofrecidas. Con el aliciente de poder pedalear libre de tr\u00e1fico por gran parte del litoral barcelon\u00e9s, la prueba cierra inscripciones el pr\u00f3ximo domingo 25 de marzo.<\/p>\n<p style=\"text-align: justify;\">Entre los ciclistas que disputar\u00e1n la Oakley GFNY Barcelona est\u00e1, por ejemplo, el ex ciclista profesional <a href=\"https:\/\/miurltemporal.com/main/triatletasenred.sport.es\/actualidad\/perico-delgado-participara-en-la-oakley-gfny-barcelona\/\" target=\"_blank\"><strong>Perico Delgado<\/strong><\/a>, que sin duda no pasar\u00e1 desapercibido. Probablemente, tampoco lo har\u00e1 <strong>Mar Hern\u00e1ndez<\/strong>.<\/p>\n<p style=\"text-align: justify;\">La catalana, una reconocida escultora y artista, es un claro ejemplo de superaci\u00f3n a trav\u00e9s del deporte. En 2007, con 36 a\u00f1os, los m\u00e9dicos le detectaron un c\u00e1ncer de mama cuando se encuentra en un momento de plenitud personal y profesional. Mar Hern\u00e1ndez recibe la noticia con <strong>rabia, incredulidad y negaci\u00f3n<\/strong>. Le espera una etapa dura de pruebas y procesos m\u00e9dicos. Y es en ese momento cuando aparece el deporte. Hern\u00e1ndez encuentra en las salidas en bicicleta un m\u00e9todo eficaz de canalizar la rabia interior. Lo que en un principio son entrenamientos tranquilos se convierte en toda una afici\u00f3n por los pedales. De rodar en solitario a rodar con un dorsal. La bici ha cambiado su vida y tambi\u00e9n la ha hecho la propia enfermedad. \u201c<strong>El c\u00e1ncer me ha hecho mejor<\/strong>\u201d afirma.<\/p>\n<p style=\"text-align: justify;\">\u201c<em>Al cabo de 5 a\u00f1os tuve otra reca\u00edda en el mismo sitio. La diferencia es que la bicicleta me hab\u00eda ayudado durante ese tiempo a estar m\u00e1s fuerte f\u00edsica y mentalmente. La actitud ya era diferente<\/em>\u201d explica la protagonista.<\/p>\n<p style=\"text-align: justify;\">La bici le ha ense\u00f1ado a sufrir. A aguantar. En 2012, su m\u00e9dico y tambi\u00e9n amigo le propuso participar en la <strong>Titan Desert<\/strong> pero otra reca\u00edda lo paraliz\u00f3 todo. Ahora, ya totalmente recuperada, participar\u00e1 finalmente en la prestigiosa prueba del desierto el pr\u00f3ximo mes de abril con el equipo Where is the Limit?. Un sue\u00f1o hecho realidad.<\/p>\n<p style=\"text-align: justify;\">Antes, probar\u00e1 su estado de forma en la <a href=\"http:\/\/gfnybarcelona.com\/\" target=\"_blank\" rel=\"nofollow noopener\"><strong>Oakley GFNY Barcelona<\/strong><\/a>. Mar Hern\u00e1ndez opina que \u201c<em>una carrera de una cierta importancia como esta te ayuda a tirar adelante, te ayuda a esforzarte, a motivarte, a levantarte\u2026<\/em>\u201d. \u201c<em>Es importante tener ideas y proyectos porque al final la ilusi\u00f3n para llegar a ello es lo que te hace avanzar. Hace que no te duermas y no te acomodes<\/em>\u201d reconoce la catalana.<\/p>\n<p style=\"text-align: justify;\">Con ilusi\u00f3n, ganas y una actitud 100% positiva, Mar Hern\u00e1ndez estar\u00e1 el 22 de marzo en Barcelona para disputar la primera edici\u00f3n de la Oakley GFNY Barcelona. \u00a1<strong>A por ello Mar<\/strong>!<\/p>\n<p><a href=\"http:\/\/gfnybarcelona.com\/\" target=\"_blank\" rel=\"nofollow noopener\"><img fetchpriority=\"high\" decoding=\"async\" class=\"wp-image-32876 aligncenter\" src=\"https:\/\/miurltemporal.com/main/triatletasenred.sport.es\/wp-content\/uploads\/Oakley-Gran-Fondo-New-York-Barcelona1.jpg\" alt=\"Oakley Gran Fondo New York Barcelona\" width=\"530\" height=\"266\" srcset=\"https:\/\/miurltemporal.com/main/triatletasenred.sport.es\/wp-content\/uploads\/Oakley-Gran-Fondo-New-York-Barcelona1.jpg 558w, https:\/\/miurltemporal.com/main/triatletasenred.sport.es\/wp-content\/uploads\/Oakley-Gran-Fondo-New-York-Barcelona1-300x151.jpg 300w\" sizes=\"(max-width: 530px) 100vw, 530px\" \/><\/a><\/p>\n<div class=\"youtube-embed\" data-video_id=\"6xVxJpYLpcY\"><iframe title=\"Mar Hdz. Plana | Oakley GFNY Barcelona\" width=\"696\" height=\"392\" src=\"https:\/\/www.youtube.com\/embed\/6xVxJpYLpcY?feature=oembed&#038;enablejsapi=1\" frameborder=\"0\" allow=\"accelerometer; autoplay; encrypted-media; gyroscope; picture-in-picture\" allowfullscreen><\/iframe><\/div>\n<p>Foto: R\u00e0dio Castellar<\/p>\n","protected":false},"excerpt":{"rendered":"<p>Un c\u00e1ncer de mama le impuls\u00f3 a coger la bicicleta. Mar Hern\u00e1ndez, un ejemplo de superaci\u00f3n gracias al deporte, estar\u00e1 en la Oakley GFNY Barcelona.<\/p>\n","protected":false},"author":23,"featured_media":32868,"comment_status":"open","ping_status":"open","sticky":false,"template":"","format":"standard","meta":{"_acf_changed":false,"rank_math_lock_modified_date":false,"footnotes":""},"categories":[17,2833],"tags":[111,2063,3157,3159,3158],"class_list":{"0":"post-32865","1":"post","2":"type-post","3":"status-publish","4":"format-standard","5":"has-post-thumbnail","7":"category-actualidad","8":"category-cicloturismo","9":"tag-ciclismo","10":"tag-cicloturismo","11":"tag-mar-hernandez","12":"tag-oakley-gfny","13":"tag-oakley-gfny-barcelona"},"acf":[],"_links":{"self":[{"href":"https:\/\/miurltemporal.com/main/triatletasenred.sport.es\/wp-json\/wp\/v2\/posts\/32865"}],"collection":[{"href":"https:\/\/miurltemporal.com/main/triatletasenred.sport.es\/wp-json\/wp\/v2\/posts"}],"about":[{"href":"https:\/\/miurltemporal.com/main/triatletasenred.sport.es\/wp-json\/wp\/v2\/types\/post"}],"author":[{"embeddable":true,"href":"https:\/\/miurltemporal.com/main/triatletasenred.sport.es\/wp-json\/wp\/v2\/users\/23"}],"replies":[{"embeddable":true,"href":"https:\/\/miurltemporal.com/main/triatletasenred.sport.es\/wp-json\/wp\/v2\/comments?post=32865"}],"version-history":[{"count":0,"href":"https:\/\/miurltemporal.com/main/triatletasenred.sport.es\/wp-json\/wp\/v2\/posts\/32865\/revisions"}],"wp:featuredmedia":[{"embeddable":true,"href":"https:\/\/miurltemporal.com/main/triatletasenred.sport.es\/wp-json\/wp\/v2\/media\/32868"}],"wp:attachment":[{"href":"https:\/\/miurltemporal.com/main/triatletasenred.sport.es\/wp-json\/wp\/v2\/media?parent=32865"}],"wp:term":[{"taxonomy":"category","embeddable":true,"href":"https:\/\/miurltemporal.com/main/triatletasenred.sport.es\/wp-json\/wp\/v2\/categories?post=32865"},{"taxonomy":"post_tag","embeddable":true,"href":"https:\/\/miurltemporal.com/main/triatletasenred.sport.es\/wp-json\/wp\/v2\/tags?post=32865"}],"curies":[{"name":"wp","href":"https:\/\/api.w.org\/{rel}","templated":true}]}}