{"id":32813,"date":"2015-03-03T13:32:41","date_gmt":"2015-03-03T11:32:41","guid":{"rendered":"http:\/\/triatletasenred.com\/?p=32813"},"modified":"2015-03-03T21:49:43","modified_gmt":"2015-03-03T19:49:43","slug":"alistair-brownlee-no-participara-en-las-series-mundiales-de-abu-dhabi","status":"publish","type":"post","link":"https:\/\/miurltemporal.com/main/triatletasenred.sport.es\/actualidad\/alistair-brownlee-no-participara-en-las-series-mundiales-de-abu-dhabi\/","title":{"rendered":"Alistair Brownlee no participar\u00e1 en las Series Mundiales de Abu Dhabi"},"content":{"rendered":"<p style=\"text-align: justify;\">El brit\u00e1nico <strong>Alistair Brownlee<\/strong>, campe\u00f3n de las Series Mundiales en 2009 y 2011 <strong>no estar\u00e1 en el pont\u00f3n de salida<\/strong> de la primera prueba del a\u00f1o, que se celebrar\u00e1 en <strong>Abu Dhabi el pr\u00f3ximo 7 de marzo<\/strong>. El mayor de los dos hermanos no aparece como atleta inscrito en la lista de salida, publicada este martes, donde s\u00ed est\u00e1n Javier G\u00f3mez Noya, Mario Mola o Jonathan Brownlee.<\/p>\n<p style=\"text-align: justify;\">Tras la baja de Alistair Brownlee, la delegaci\u00f3n brit\u00e1nica estar\u00e1 integrada por\u00a0Jonathan Brownlee, Adam Bowden, Mark Buckingham\u00a0y\u00a0Gordon Benson en categor\u00eda masculina, mientras que en categor\u00eda femenina las triatletas inscritas son\u00a0Jodie Stimpson, Lucy Hall, Emma Pallant y Heather Sellars.<\/p>\n<p style=\"text-align: justify;\"><a href=\"http:\/\/www.esportissim.com\/\" target=\"_blank\" rel=\"nofollow noopener\"><img decoding=\"async\" class=\"\" src=\"https:\/\/dl.dropboxusercontent.com\/u\/31969244\/ATRIENRED\/esportissim.jpg\" alt=\"\" width=\"441\" height=\"48\" \/><\/a><\/p>\n","protected":false},"excerpt":{"rendered":"<p>El brit\u00e1nico Alistair Brownlee no disputar\u00e1 la primera de las Series Mundiales ITU, que se celebran el pr\u00f3ximo 7 de marzo en Abu Dhabi.<\/p>\n","protected":false},"author":12,"featured_media":32819,"comment_status":"open","ping_status":"open","sticky":false,"template":"","format":"standard","meta":{"_acf_changed":false,"rank_math_lock_modified_date":false,"footnotes":""},"categories":[17,2033],"tags":[],"class_list":{"0":"post-32813","1":"post","2":"type-post","3":"status-publish","4":"format-standard","5":"has-post-thumbnail","7":"category-actualidad","8":"category-sport"},"acf":[],"_links":{"self":[{"href":"https:\/\/miurltemporal.com/main/triatletasenred.sport.es\/wp-json\/wp\/v2\/posts\/32813"}],"collection":[{"href":"https:\/\/miurltemporal.com/main/triatletasenred.sport.es\/wp-json\/wp\/v2\/posts"}],"about":[{"href":"https:\/\/miurltemporal.com/main/triatletasenred.sport.es\/wp-json\/wp\/v2\/types\/post"}],"author":[{"embeddable":true,"href":"https:\/\/miurltemporal.com/main/triatletasenred.sport.es\/wp-json\/wp\/v2\/users\/12"}],"replies":[{"embeddable":true,"href":"https:\/\/miurltemporal.com/main/triatletasenred.sport.es\/wp-json\/wp\/v2\/comments?post=32813"}],"version-history":[{"count":0,"href":"https:\/\/miurltemporal.com/main/triatletasenred.sport.es\/wp-json\/wp\/v2\/posts\/32813\/revisions"}],"wp:featuredmedia":[{"embeddable":true,"href":"https:\/\/miurltemporal.com/main/triatletasenred.sport.es\/wp-json\/wp\/v2\/media\/32819"}],"wp:attachment":[{"href":"https:\/\/miurltemporal.com/main/triatletasenred.sport.es\/wp-json\/wp\/v2\/media?parent=32813"}],"wp:term":[{"taxonomy":"category","embeddable":true,"href":"https:\/\/miurltemporal.com/main/triatletasenred.sport.es\/wp-json\/wp\/v2\/categories?post=32813"},{"taxonomy":"post_tag","embeddable":true,"href":"https:\/\/miurltemporal.com/main/triatletasenred.sport.es\/wp-json\/wp\/v2\/tags?post=32813"}],"curies":[{"name":"wp","href":"https:\/\/api.w.org\/{rel}","templated":true}]}}