{"id":32702,"date":"2015-02-28T03:22:37","date_gmt":"2015-02-28T01:22:37","guid":{"rendered":"http:\/\/triatletasenred.com\/?p=32702"},"modified":"2015-02-28T03:22:37","modified_gmt":"2015-02-28T01:22:37","slug":"presentado-el-bahrain-endurance-team","status":"publish","type":"post","link":"https:\/\/miurltemporal.com/main/triatletasenred.sport.es\/actualidad\/presentado-el-bahrain-endurance-team\/","title":{"rendered":"Presentado el Bahrain Endurance Team"},"content":{"rendered":"<p style=\"text-align: justify;\">El principe <strong>Sheik Nasser<\/strong> ha presentado esta semana\u00a0en Dubai un avance de lo que ser\u00e1 el <strong>Bahr\u00e1in Endurance Team<\/strong>, un equipo de triatletas de m\u00e1ximo nivel internacional que correr\u00e1n con los colores del emirato de Bahr\u00e1in. El equipo contar\u00e1 con <strong>Chris McCormack<\/strong>, que este viernes estuvo de comentarista en la retransmisi\u00f3n del Challenge Dubai, como embajador y m\u00e1nager del equipo. A pesar de que no se ha hecho de forma oficial, el portal <a href=\"http:\/\/uaetriathlon.com\/new-bahrain-endurance-team-announced-full-of-superstars\/\" target=\"_blank\" rel=\"nofollow noopener\">UAE Triathlon<\/a> afirma que ser\u00e1n 13 en total los integrantes del equipo, entre los que destacan nombres como el del espa\u00f1ol <strong>Javier G\u00f3mez Noya, Jan Frodeno, Eric Watson, David Plese<\/strong> o los ganadores de la primera edici\u00f3n del Challenge Dubai, el neozeland\u00e9s <strong>Terenzo Bozzone<\/strong> y la suiza <strong>Daniela Ryf<\/strong>. En total, ser\u00edan <strong>13 los atletas<\/strong> que integrar\u00edan este proyecto puesto en marcha por el principe Sheik Nasser de Bahr\u00e1in.<\/p>\n<p style=\"text-align: justify;\">Foto:\u00a0Challenge Dubai<\/p>\n","protected":false},"excerpt":{"rendered":"<p>El principe Sheik Nasser ha presentado esta semana en Dubai un avance de lo que ser\u00e1 el Bahr\u00e1in Endurance Team, con G\u00f3mez Noya y Frodeno en sus filas.<\/p>\n","protected":false},"author":12,"featured_media":32751,"comment_status":"open","ping_status":"open","sticky":false,"template":"","format":"standard","meta":{"_acf_changed":false,"rank_math_lock_modified_date":false,"footnotes":""},"categories":[17,1191],"tags":[],"class_list":{"0":"post-32702","1":"post","2":"type-post","3":"status-publish","4":"format-standard","5":"has-post-thumbnail","7":"category-actualidad","8":"category-triatlon"},"acf":[],"_links":{"self":[{"href":"https:\/\/miurltemporal.com/main/triatletasenred.sport.es\/wp-json\/wp\/v2\/posts\/32702"}],"collection":[{"href":"https:\/\/miurltemporal.com/main/triatletasenred.sport.es\/wp-json\/wp\/v2\/posts"}],"about":[{"href":"https:\/\/miurltemporal.com/main/triatletasenred.sport.es\/wp-json\/wp\/v2\/types\/post"}],"author":[{"embeddable":true,"href":"https:\/\/miurltemporal.com/main/triatletasenred.sport.es\/wp-json\/wp\/v2\/users\/12"}],"replies":[{"embeddable":true,"href":"https:\/\/miurltemporal.com/main/triatletasenred.sport.es\/wp-json\/wp\/v2\/comments?post=32702"}],"version-history":[{"count":0,"href":"https:\/\/miurltemporal.com/main/triatletasenred.sport.es\/wp-json\/wp\/v2\/posts\/32702\/revisions"}],"wp:featuredmedia":[{"embeddable":true,"href":"https:\/\/miurltemporal.com/main/triatletasenred.sport.es\/wp-json\/wp\/v2\/media\/32751"}],"wp:attachment":[{"href":"https:\/\/miurltemporal.com/main/triatletasenred.sport.es\/wp-json\/wp\/v2\/media?parent=32702"}],"wp:term":[{"taxonomy":"category","embeddable":true,"href":"https:\/\/miurltemporal.com/main/triatletasenred.sport.es\/wp-json\/wp\/v2\/categories?post=32702"},{"taxonomy":"post_tag","embeddable":true,"href":"https:\/\/miurltemporal.com/main/triatletasenred.sport.es\/wp-json\/wp\/v2\/tags?post=32702"}],"curies":[{"name":"wp","href":"https:\/\/api.w.org\/{rel}","templated":true}]}}