{"id":32667,"date":"2015-02-26T10:26:46","date_gmt":"2015-02-26T08:26:46","guid":{"rendered":"http:\/\/triatletasenred.com\/?p=32667"},"modified":"2016-03-08T15:13:50","modified_gmt":"2016-03-08T13:13:50","slug":"mario-mola-el-objetivo-es-ganar-las-series-mundiales","status":"publish","type":"post","link":"https:\/\/miurltemporal.com/main/triatletasenred.sport.es\/entrevistas-triatlon\/mario-mola-el-objetivo-es-ganar-las-series-mundiales\/","title":{"rendered":"Mario Mola: &#8220;El objetivo es ganar las Series Mundiales&#8221;"},"content":{"rendered":"<p style=\"text-align: justify;\">En el <a href=\"https:\/\/miurltemporal.com/main/triatletasenred.sport.es\/actualidad\/transiciones-programa-no-1\/\" target=\"_blank\">primer programa<\/a> de <strong>Transiciones<\/strong>, el <strong>nuevo podcast<\/strong> de Triatletas en Red donde el triatl\u00f3n es el aut\u00e9ntico y \u00fanico protagonista, entrevistamos a Mario Mola. El subcampe\u00f3n del mundo ITU en distancia ol\u00edmpica, a pocos d\u00edas de colgarse el primer dorsal, mostr\u00f3 su ambici\u00f3n y ganas de volver a competir con los mejores. Siempre con los pies en el suelo, Mola solo piensa en trabajar duro para seguir optando a ganar carreras.<\/p>\n<p style=\"text-align: justify;\"><strong>\u00bfC\u00f3mo va la pretemporada a escasos d\u00edas de empezar la competici\u00f3n?<\/strong><\/p>\n<p style=\"text-align: justify;\">La verdad es que todo est\u00e1 yendo bien. Hemos podido entrenar varios meses con continuidad y sin lesiones,\u00a0as\u00ed que con ganas de que empiecen ya las carreras y demostrar que he trabajado duro. Estoy preparado.<\/p>\n<p style=\"text-align: justify;\"><strong>\u00bfTienes ya esas ganas de colgarte el primer dorsal del a\u00f1o?<\/strong><\/p>\n<p style=\"text-align: justify;\">Muchas ganas, no puede ser de otra manera. No solo para mejorar, sino con la intenci\u00f3n de competir con los mejores.<\/p>\n<p style=\"text-align: justify;\"><strong>Este a\u00f1o primera prueba de las Series Mundiales\u00a0se celebra un mes antes que las anteriores temporadas. \u00bfC\u00f3mo se afronta esta temporada tan larga?<\/strong><\/p>\n<p style=\"text-align: justify;\">Hay que tomarla con respeto pero con ganas. Con la intenci\u00f3n de hacerlo como m\u00ednimo igual que el a\u00f1o pasado e intentar llegar a la prueba test de R\u00edo y a la Gran Final de las Series Mundiales en las mejores condiciones posibles. Por qu\u00e9 no, el objetivo es ganar el t\u00edtulo de las Series Mundiales o repetir podio.<\/p>\n<p style=\"text-align: justify;\"><strong>Eres ambicioso de cara a este a\u00f1o.<\/strong><\/p>\n<p style=\"text-align: justify;\">Tiene que ser as\u00ed. Con los pies en el suelo, pero con motivaci\u00f3n y ambici\u00f3n de estar con los mejores, ganar carreras y ojal\u00e1 que los resultados acompa\u00f1en.<\/p>\n<p style=\"text-align: justify;\"><strong>La presi\u00f3n la suele llevar Javi pero ya eres subcampe\u00f3n del mundo. \u00bfSientes la presi\u00f3n?<\/strong><\/p>\n<p style=\"text-align: justify;\">Creo que es bueno que la gente tenga expectativas sobre ti porque significa que est\u00e1s haciendo las cosas bien. Siempre digo que la presi\u00f3n se la pone uno mismo y ser\u00e1 cuesti\u00f3n de gestionarlo de la mejor manera posible para que nos sirva para mejorar.<\/p>\n<p style=\"text-align: justify;\"><strong>Este a\u00f1o los Brownlee, rivales directos, llegan mejor preparados y sin lesiones. \u00bfC\u00f3mo los ves?<\/strong><\/p>\n<p style=\"text-align: justify;\">Sin duda, llegar\u00e1n muy bien. Se acercan los Juegos Ol\u00edmpicos y todo el mundo recupera su mejor estado de forma. Javi y compa\u00f1\u00eda seguro que estar\u00e1n a un gran nivel y pondr\u00e1n las cosas muy dif\u00edciles, pero esto tambi\u00e9n es lo bonito del deporte. Ojal\u00e1 pueda estar en esa lucha.<\/p>\n<p style=\"text-align: justify;\"><strong>\u00bfC\u00f3mo ves el nivel de los espa\u00f1oles en las Series Mundiales en categor\u00eda masculina y femenina?<\/strong><\/p>\n<p style=\"text-align: justify;\">El nivel es muy bueno. En hombres, si en los Juegos Ol\u00edmpicos pudieran competir seis triatletas de un mismo pa\u00eds seguro que tendr\u00edamos a seis o m\u00e1s con suficiente nivel para competir all\u00ed. Quiz\u00e1 en chicas el volumen de competidoras\u00a0no es tan grande, pero igualmente hay triatletas muy bien preparadas.<\/p>\n<p style=\"text-align: justify;\"><strong>No queda tanto para los Juegos de R\u00edo, pero a\u00fan est\u00e1n algo lejos. \u00bfTe marcas alg\u00fan objetivo concreto?<\/strong><\/p>\n<p style=\"text-align: justify;\">A d\u00eda de hoy pienso en seguir mejorando y aprendiendo carrera tras carrera, ojal\u00e1 pueda aprovechar la experiencia de los Juegos de Londres. Hay que ser ambicioso y aspirar a una medalla tal y como hizo Javi en Londres.<\/p>\n<p style=\"text-align: justify;\"><strong>Algunos triatletas ITU ya compiten esta semana. \u00bfLa media distancia, como el Challenge Dubai, no te llama?<\/strong><\/p>\n<p style=\"text-align: justify;\">No. A d\u00eda de hoy mi preparaci\u00f3n se centra en pruebas sprint y ol\u00edmpica as\u00ed que tengo suficiente con ello. Mi objetivo ahora mismo es estar lo mejor posible en esas carreras. Creo que ya habr\u00e1 tiempo, si surge, de probar otro tipo de distancias y pruebas. Me centro en mi distancia, que la carrera deportiva no dura tanto y hay que\u00a0exprimirla al m\u00e1ximo.<\/p>\n<p style=\"text-align: justify;\"><strong>Siempre dijiste que te gustar\u00eda hacer m\u00e1s una marat\u00f3n que no un triatl\u00f3n de larga distancia en un futuro.<\/strong><\/p>\n<p style=\"text-align: justify;\">S\u00ed, ahora mismo me llama m\u00e1s la marat\u00f3n. Pero es dif\u00edcil prever donde estar\u00e9 dentro de 5 o 10 a\u00f1os as\u00ed que, como digo, tengo suficiente con pensar en el presente.<\/p>\n<p style=\"text-align: justify;\"><strong>Hablando de presente. \u00bfCrees que los \u00e9xitos no est\u00e1n suficientemente valorados, qu\u00e9 la memoria del aficionado es muy corta en este sentido?<\/strong><\/p>\n<p style=\"text-align: justify;\">La gente siempre quiere m\u00e1s y quiere lo mejor de ti, al igual que todos queremos lo mejor de nosotros mismos. Uno tiene que valorar lo que consigue, sea lo que sea, y seguir con ganas y ambici\u00f3n.<\/p>\n<p style=\"text-align: justify;\"><strong>El Garmin Barcelona Triathlon ser\u00e1 la \u00fanica prueba que har\u00e1s en Espa\u00f1a. \u00bfC\u00f3mo valoras el ambiente que se vive en la Mar Bella en un triatl\u00f3n que ahora se celebrar\u00e1 en junio?<\/strong><\/p>\n<p style=\"text-align: justify;\">Tengo muchas ganas de competir en Barcelona. El ambiente es especial por la cantidad de gente, la localizaci\u00f3n y, sin duda, soy un afortunado de poder estar all\u00ed y ojal\u00e1 que pasemos un d\u00eda genial junto a los otros triatletas.<\/p>\n<p>Foto: Ian Cook\/ Dirty Green Trainers<\/p>\n","protected":false},"excerpt":{"rendered":"<p>Mario Mola, entrevistado en el primer programa de Transiciones, el nuevo podcast de Triatletas en Red, habla sobre la temporada que est\u00e1 a punto de empezar.<\/p>\n","protected":false},"author":6,"featured_media":32668,"comment_status":"open","ping_status":"open","sticky":false,"template":"","format":"standard","meta":{"_acf_changed":false,"rank_math_lock_modified_date":false,"footnotes":""},"categories":[19,10,2033,1191],"tags":[930,893,607,415,24,2004],"class_list":{"0":"post-32667","1":"post","2":"type-post","3":"status-publish","4":"format-standard","5":"has-post-thumbnail","7":"category-competiciones","8":"category-entrevistas-triatlon","9":"category-sport","10":"category-triatlon","11":"tag-itu","12":"tag-mario-mola","13":"tag-mola","14":"tag-transiciones","15":"tag-triatlon","16":"tag-world-triathlon-series-mundiales"},"acf":[],"_links":{"self":[{"href":"https:\/\/miurltemporal.com/main/triatletasenred.sport.es\/wp-json\/wp\/v2\/posts\/32667"}],"collection":[{"href":"https:\/\/miurltemporal.com/main/triatletasenred.sport.es\/wp-json\/wp\/v2\/posts"}],"about":[{"href":"https:\/\/miurltemporal.com/main/triatletasenred.sport.es\/wp-json\/wp\/v2\/types\/post"}],"author":[{"embeddable":true,"href":"https:\/\/miurltemporal.com/main/triatletasenred.sport.es\/wp-json\/wp\/v2\/users\/6"}],"replies":[{"embeddable":true,"href":"https:\/\/miurltemporal.com/main/triatletasenred.sport.es\/wp-json\/wp\/v2\/comments?post=32667"}],"version-history":[{"count":0,"href":"https:\/\/miurltemporal.com/main/triatletasenred.sport.es\/wp-json\/wp\/v2\/posts\/32667\/revisions"}],"wp:featuredmedia":[{"embeddable":true,"href":"https:\/\/miurltemporal.com/main/triatletasenred.sport.es\/wp-json\/wp\/v2\/media\/32668"}],"wp:attachment":[{"href":"https:\/\/miurltemporal.com/main/triatletasenred.sport.es\/wp-json\/wp\/v2\/media?parent=32667"}],"wp:term":[{"taxonomy":"category","embeddable":true,"href":"https:\/\/miurltemporal.com/main/triatletasenred.sport.es\/wp-json\/wp\/v2\/categories?post=32667"},{"taxonomy":"post_tag","embeddable":true,"href":"https:\/\/miurltemporal.com/main/triatletasenred.sport.es\/wp-json\/wp\/v2\/tags?post=32667"}],"curies":[{"name":"wp","href":"https:\/\/api.w.org\/{rel}","templated":true}]}}