{"id":32579,"date":"2015-02-24T17:57:52","date_gmt":"2015-02-24T15:57:52","guid":{"rendered":"http:\/\/triatletasenred.com\/?p=32579"},"modified":"2015-02-25T09:51:00","modified_gmt":"2015-02-25T07:51:00","slug":"fernando-lopez-de-sagredo-campeon-autonomico-de-duatlon-sprint-en-valencia","status":"publish","type":"post","link":"https:\/\/miurltemporal.com/main/triatletasenred.sport.es\/actualidad\/fernando-lopez-de-sagredo-campeon-autonomico-de-duatlon-sprint-en-valencia\/","title":{"rendered":"Fernando L\u00f3pez de Sagredo, campe\u00f3n auton\u00f3mico de duatl\u00f3n sprint en Valencia"},"content":{"rendered":"<p style=\"text-align: justify;\">El triatleta catal\u00e1n <a href=\"https:\/\/twitter.com\/Fer_Sagredo\" target=\"_blank\" rel=\"nofollow noopener\">Fernando L\u00f3pez de Sagredo<\/a> se proclam\u00f3 este domingo <strong>campe\u00f3n auton\u00f3mico de duatl\u00f3n sprint de\u00a0la Comunitat Valenciana<\/strong>, celebrado en la localidad de Moncada. La carrera se decidi\u00f3 en un \u00faltimo sprint antes de meta, donde el triatleta de la Universidad de Alicante realiz\u00f3 un cambio de ritmo que le llev\u00f3 a cruzar primero la l\u00ednea de llegada. &#8220;<em>Sab\u00eda que la prueba\u00a0se iba a decidir en el \u00faltimo sector de carrera a pie, a 300 metros de meta cambi\u00e9 el ritmo y consegu\u00ed entrar primero<\/em>&#8221; comentaba al acabar la competici\u00f3n. &#8220;<em>La victoria me ha dado una <strong>dosis de motivaci\u00f3n extra para afrontar el arranque de temporada<\/strong><\/em>&#8220;.<\/p>\n<p style=\"text-align: justify;\">Tras<strong> Fernando L\u00f3pez de Sagredo<\/strong> (Universidad de Alicante), segundo entr\u00f3<strong> Celestino Fern\u00e1ndez<\/strong> (CT Laboratorio Sys) tras una importante remontada y complet\u00f3 el podio <strong>Mois\u00e9s Perea<\/strong> (Club Ilicitano). En categor\u00eda femenina, la victoria y el t\u00edtulo de campeona auton\u00f3mica de duatl\u00f3n fue para <strong>Mar\u00eda Forn\u00e9s<\/strong>, seguida de la junior <strong>Noelia Juan<\/strong> y <strong>Sandra Mu\u00f1oz<\/strong>. El equipo de la Universidad de Alicante se proclam\u00f3 campe\u00f3n por clubes en categor\u00eda masculina, mientras que en categor\u00eda femenina fue el CT Hurac\u00e1n el que subi\u00f3 a lo m\u00e1s alto del podio.<\/p>\n<p style=\"text-align: justify;\">Foto: UA Triatl\u00f3n<\/p>\n<p><a href=\"http:\/\/www.esportissim.com\/\" target=\"_blank\" rel=\"nofollow noopener\"><img decoding=\"async\" class=\"aligncenter\" src=\"https:\/\/dl.dropboxusercontent.com\/u\/31969244\/ATRIENRED\/esportissim.jpg\" alt=\"\" width=\"422\" height=\"46\" \/><\/a><\/p>\n","protected":false},"excerpt":{"rendered":"<p>El triatleta catal\u00e1n Fernando L\u00f3pez de Sagredo se proclam\u00f3 este domingo en Moncada campe\u00f3n auton\u00f3mico de duatl\u00f3n sprint de la Comunidad Valenciana.<\/p>\n","protected":false},"author":6,"featured_media":32603,"comment_status":"open","ping_status":"open","sticky":false,"template":"","format":"standard","meta":{"_acf_changed":false,"rank_math_lock_modified_date":false,"footnotes":""},"categories":[17,19,1191],"tags":[],"class_list":{"0":"post-32579","1":"post","2":"type-post","3":"status-publish","4":"format-standard","5":"has-post-thumbnail","7":"category-actualidad","8":"category-competiciones","9":"category-triatlon"},"acf":[],"_links":{"self":[{"href":"https:\/\/miurltemporal.com/main/triatletasenred.sport.es\/wp-json\/wp\/v2\/posts\/32579"}],"collection":[{"href":"https:\/\/miurltemporal.com/main/triatletasenred.sport.es\/wp-json\/wp\/v2\/posts"}],"about":[{"href":"https:\/\/miurltemporal.com/main/triatletasenred.sport.es\/wp-json\/wp\/v2\/types\/post"}],"author":[{"embeddable":true,"href":"https:\/\/miurltemporal.com/main/triatletasenred.sport.es\/wp-json\/wp\/v2\/users\/6"}],"replies":[{"embeddable":true,"href":"https:\/\/miurltemporal.com/main/triatletasenred.sport.es\/wp-json\/wp\/v2\/comments?post=32579"}],"version-history":[{"count":0,"href":"https:\/\/miurltemporal.com/main/triatletasenred.sport.es\/wp-json\/wp\/v2\/posts\/32579\/revisions"}],"wp:featuredmedia":[{"embeddable":true,"href":"https:\/\/miurltemporal.com/main/triatletasenred.sport.es\/wp-json\/wp\/v2\/media\/32603"}],"wp:attachment":[{"href":"https:\/\/miurltemporal.com/main/triatletasenred.sport.es\/wp-json\/wp\/v2\/media?parent=32579"}],"wp:term":[{"taxonomy":"category","embeddable":true,"href":"https:\/\/miurltemporal.com/main/triatletasenred.sport.es\/wp-json\/wp\/v2\/categories?post=32579"},{"taxonomy":"post_tag","embeddable":true,"href":"https:\/\/miurltemporal.com/main/triatletasenred.sport.es\/wp-json\/wp\/v2\/tags?post=32579"}],"curies":[{"name":"wp","href":"https:\/\/api.w.org\/{rel}","templated":true}]}}