{"id":32493,"date":"2015-02-24T12:29:56","date_gmt":"2015-02-24T10:29:56","guid":{"rendered":"http:\/\/triatletasenred.com\/?p=32493"},"modified":"2015-02-24T12:29:56","modified_gmt":"2015-02-24T10:29:56","slug":"el-equipo-por-encima-de-todo","status":"publish","type":"post","link":"https:\/\/miurltemporal.com/main/triatletasenred.sport.es\/colaboradores\/el-equipo-por-encima-de-todo\/","title":{"rendered":"El equipo por encima de todo"},"content":{"rendered":"<p style=\"text-align: justify;\">En los deportes colectivos o de equipo, el bloque es el que cuenta, el que gana y el que pierde. Normalmente todos los esfuerzos van centrados en un mismo objetivo.\u00a0 En nuestro querido deporte, el triatl\u00f3n, pocas veces competimos a nivel de equipo y en general, cada uno trata de hacerlo lo mejor posible para el disfrute\/satisfacci\u00f3n personal acorde con sus ambiciones.<\/p>\n<p style=\"text-align: justify;\">Por suerte, tenemos algunas fechas en el calendario en las que los triatletas\/duatletas nos ponemos el mono de trabajo con la clara intenci\u00f3n de dar todo lo que tenemos en beneficio de un grupo. Amo este deporte tal y como es. No entiendo el triatl\u00f3n de otra forma que no sea la de trabajar duro d\u00eda a d\u00eda para superarse a uno mismo. Pero debo decir que estas modalidades favorecen y mucho la educaci\u00f3n deportiva que a menudo escasea entre los participantes.<\/p>\n<p style=\"text-align: justify;\">Quien haya practicado de forma regular en un deporte de equipo me entender\u00e1 inmediatamente. Jugu\u00e9 a f\u00fatbol durante m\u00e1s de 15 a\u00f1os y a pesar de la mala fama de la que gozan los futbolistas, saben que para lograr sus \u00e9xitos individuales deben trabajar en equipo al m\u00e1ximo.<\/p>\n<p style=\"text-align: justify;\">Tuve la suerte de competir en el Campeonato de Catalunya de Duatl\u00f3n por Equipos y me gustar\u00eda escribir algunos valores y reflexiones que me vienen a la cabeza por el mero hecho de estar all\u00ed. No voy a hacer una cr\u00f3nica pues ya la hice en su momento. Si alguien quiere leerla puede hacerlo pinchando <a href=\"https:\/\/vcastella.wordpress.com\/2015\/02\/16\/campeonato-de-catalunya-de-duatlon-por-equipos\/\" target=\"_blank\" rel=\"nofollow noopener\">aqu\u00ed<\/a>.<\/p>\n<p style=\"text-align: justify;\">En mi equipo, el C.E.TriathlonBcn fuimos 5 los seleccionados para defender los colores del club en la categor\u00eda \u00c9lite. El equipo era totalmente variopinto como si de un equipo de futbol se tratase. 2 especialistas de la corta distancia muy veloces a pie, 2 especialistas de la larga distancia pero con una capacidad de sufrimiento brutal y un todoterreno que lo mismo le da \u201c20 que 80\u201d.<\/p>\n<p style=\"text-align: justify;\">Albert Juncosa, miembro del equipo me dec\u00eda que lo que realmente le fascinaba de competir en equipo son \u201c<strong>Las m\u00faltiples variables y estrategias que pueden surgir al no depender \u00fanicamente del estado de forma o resultado de uno mismo&#8230; En un deporte eminentemente individualista como el triatl\u00f3n\/duatl\u00f3n, es la \u00fanica oportunidad de poder &#8220;jugar&#8221; realmente en equipo\u201d.\u00a0<\/strong>Supongo que el hecho de romper con la monoton\u00eda de competir siempre a tu merced, hace que estas pruebas sean tan atractivas.<\/p>\n<p style=\"text-align: justify;\">Como todo en esta vida, tiene sus pros y sus contras. Est\u00e1 claro que hay valores muy bonitos como el compa\u00f1erismo, hacer pi\u00f1a, sacrificarse por el grupo\u2026 pero \u00bfhay cosas malas? \u00bfCu\u00e1les son? Me marc\u00f3 mucho la respuesta de Javi del Molino, un trabajador donde los haya. \u201c<strong>El peligro de la bicicleta conjunta y la tensi\u00f3n de no defraudar a los compa\u00f1eros\u201d.<\/strong><\/p>\n<p style=\"text-align: justify;\">Entiendo plenamente a lo que Javi se refiere. Cuando uno est\u00e1 acostumbrado a ir a la suya y se ve de repente rodeado de 5 t\u00edos que han planeado una t\u00e1ctica de carrera conjunta\u2026 lo \u00faltimo que quieres es ser t\u00fa el causante de que la carrera se vaya al traste. Javi me cont\u00f3 esto unos d\u00edas despu\u00e9s de la carrera, pero como \u00e9l ya sabe, \u00a1puede dormir tranquilo que no defraud\u00f3 a nadie!<\/p>\n<p style=\"text-align: justify;\">Existe un caso poco corriente, pero que hay que tener en cuenta y valorar mucho en este tipo de carreras. Puede ser que en tu equipo haya un miembro que est\u00e9 por encima del resto en ese momento. Dicho miembro juega un papel important\u00edsimo. No debe demostrar que est\u00e1 m\u00e1s fuerte que el resto impartiendo un ritmo brutal en carrera o latigazos al salir de cada rotando para indicar al equipo quien manda aqu\u00ed, sino todo lo contrario.<\/p>\n<p style=\"text-align: justify;\">\u00a0Debe tener la humildad para ponerse el mono de trabajo y remar como el que m\u00e1s para ayudar a que sus compa\u00f1eros progresen de la manera m\u00e1s r\u00e1pida posible. \u00c1lvaro Garc\u00eda, demostr\u00f3 su calidad f\u00edsica pero sobre todo, una gran calidad humana ayudando siempre al equipo marcando el ritmo que el grupo requer\u00eda. Para \u00e9l esta prueba se define con tres palabras<strong>: \u201dUni\u00f3n, compa\u00f1erismo y sacrificio\u201d<\/strong>. Creo que poco m\u00e1s puedo a\u00f1adir.<\/p>\n<p style=\"text-align: justify;\">Termino mencionando al despistado del grupo, Miquel Sol\u00e9. A\u00fan espero las respuestas\u2026 supongo que el enorme esfuerzo que hizo trabajando por y para el equipo en todo momento, siendo quiz\u00e1s el m\u00e1s individualista de los 5, le ha dejado secuelas. El otro d\u00eda dio un paso m\u00e1s para convertirse en un triatleta complet\u00edsimo.<\/p>\n<p style=\"text-align: justify;\">El triatl\u00f3n es un deporte individual y as\u00ed debe seguir siendo pero si en determinadas aspectos pensamos m\u00e1s en colectivo, creo que saldremos todos beneficiados. Si en las pr\u00f3ximas carreras tu rivales, fueron tus compa\u00f1eros de equipo\/amigos, sufre y lucha hasta el final para no abandonarlos pues nunca dejar\u00edas tirado a un miembro del equipo, \u00bfno?<\/p>\n<p style=\"text-align: justify;\">Foto: David Cardona<\/p>\n","protected":false},"excerpt":{"rendered":"<p>En un equipo, el colectivo est\u00e1 por encima de todo. En el triatl\u00f3n, un deporte individual, pocas veces competimos como colectivo. Un reflejo de lo vivido.<\/p>\n","protected":false},"author":259,"featured_media":32497,"comment_status":"open","ping_status":"open","sticky":false,"template":"","format":"standard","meta":{"_acf_changed":false,"rank_math_lock_modified_date":false,"footnotes":""},"categories":[15,16,2033],"tags":[],"class_list":{"0":"post-32493","1":"post","2":"type-post","3":"status-publish","4":"format-standard","5":"has-post-thumbnail","7":"category-colaboradores","8":"category-en-red","9":"category-sport"},"acf":[],"_links":{"self":[{"href":"https:\/\/miurltemporal.com/main/triatletasenred.sport.es\/wp-json\/wp\/v2\/posts\/32493"}],"collection":[{"href":"https:\/\/miurltemporal.com/main/triatletasenred.sport.es\/wp-json\/wp\/v2\/posts"}],"about":[{"href":"https:\/\/miurltemporal.com/main/triatletasenred.sport.es\/wp-json\/wp\/v2\/types\/post"}],"author":[{"embeddable":true,"href":"https:\/\/miurltemporal.com/main/triatletasenred.sport.es\/wp-json\/wp\/v2\/users\/259"}],"replies":[{"embeddable":true,"href":"https:\/\/miurltemporal.com/main/triatletasenred.sport.es\/wp-json\/wp\/v2\/comments?post=32493"}],"version-history":[{"count":0,"href":"https:\/\/miurltemporal.com/main/triatletasenred.sport.es\/wp-json\/wp\/v2\/posts\/32493\/revisions"}],"wp:featuredmedia":[{"embeddable":true,"href":"https:\/\/miurltemporal.com/main/triatletasenred.sport.es\/wp-json\/wp\/v2\/media\/32497"}],"wp:attachment":[{"href":"https:\/\/miurltemporal.com/main/triatletasenred.sport.es\/wp-json\/wp\/v2\/media?parent=32493"}],"wp:term":[{"taxonomy":"category","embeddable":true,"href":"https:\/\/miurltemporal.com/main/triatletasenred.sport.es\/wp-json\/wp\/v2\/categories?post=32493"},{"taxonomy":"post_tag","embeddable":true,"href":"https:\/\/miurltemporal.com/main/triatletasenred.sport.es\/wp-json\/wp\/v2\/tags?post=32493"}],"curies":[{"name":"wp","href":"https:\/\/api.w.org\/{rel}","templated":true}]}}