{"id":32172,"date":"2015-02-08T07:52:21","date_gmt":"2015-02-08T05:52:21","guid":{"rendered":"http:\/\/triatletasenred.com\/?p=32172"},"modified":"2015-02-08T01:46:24","modified_gmt":"2015-02-07T23:46:24","slug":"el-bh-zarauzko-triatloia-cierra-inscripciones","status":"publish","type":"post","link":"https:\/\/miurltemporal.com/main/triatletasenred.sport.es\/actualidad\/el-bh-zarauzko-triatloia-cierra-inscripciones\/","title":{"rendered":"El BH Zarauzko Triatloia cierra inscripciones"},"content":{"rendered":"<p style=\"text-align: justify;\">La organizaci\u00f3n del <strong>BH Zarauzko Triatloia<\/strong> ha anunciado el cierre de inscripciones para la edici\u00f3n 2015 de la prueba. Las 650 inscripciones se han vendido la misma ma\u00f1ana que se han puesto a la venta. La prueba, que se disputar\u00e1 el pr\u00f3ximo <strong>13 de junio<\/strong>, vuelve a cumplir las expectativas con el cupo lleno. Y es que Zarautz se ha convertido en una cita m\u00e1s que consolidada en el panorama nacional.<\/p>\n<p style=\"text-align: justify;\">Foto:\u00a0Zarauzko Triatloia<\/p>\n","protected":false},"excerpt":{"rendered":"<p>La organizaci\u00f3n del BH Zarauzko Triatloia ha confirmado el cierre de inscripciones para la edici\u00f3n 2015 de una de las pruebas cl\u00e1sicas del calendario.<\/p>\n","protected":false},"author":6,"featured_media":31503,"comment_status":"open","ping_status":"open","sticky":false,"template":"","format":"standard","meta":{"_acf_changed":false,"rank_math_lock_modified_date":false,"footnotes":""},"categories":[17,19,1191],"tags":[],"class_list":{"0":"post-32172","1":"post","2":"type-post","3":"status-publish","4":"format-standard","5":"has-post-thumbnail","7":"category-actualidad","8":"category-competiciones","9":"category-triatlon"},"acf":[],"_links":{"self":[{"href":"https:\/\/miurltemporal.com/main/triatletasenred.sport.es\/wp-json\/wp\/v2\/posts\/32172"}],"collection":[{"href":"https:\/\/miurltemporal.com/main/triatletasenred.sport.es\/wp-json\/wp\/v2\/posts"}],"about":[{"href":"https:\/\/miurltemporal.com/main/triatletasenred.sport.es\/wp-json\/wp\/v2\/types\/post"}],"author":[{"embeddable":true,"href":"https:\/\/miurltemporal.com/main/triatletasenred.sport.es\/wp-json\/wp\/v2\/users\/6"}],"replies":[{"embeddable":true,"href":"https:\/\/miurltemporal.com/main/triatletasenred.sport.es\/wp-json\/wp\/v2\/comments?post=32172"}],"version-history":[{"count":0,"href":"https:\/\/miurltemporal.com/main/triatletasenred.sport.es\/wp-json\/wp\/v2\/posts\/32172\/revisions"}],"wp:featuredmedia":[{"embeddable":true,"href":"https:\/\/miurltemporal.com/main/triatletasenred.sport.es\/wp-json\/wp\/v2\/media\/31503"}],"wp:attachment":[{"href":"https:\/\/miurltemporal.com/main/triatletasenred.sport.es\/wp-json\/wp\/v2\/media?parent=32172"}],"wp:term":[{"taxonomy":"category","embeddable":true,"href":"https:\/\/miurltemporal.com/main/triatletasenred.sport.es\/wp-json\/wp\/v2\/categories?post=32172"},{"taxonomy":"post_tag","embeddable":true,"href":"https:\/\/miurltemporal.com/main/triatletasenred.sport.es\/wp-json\/wp\/v2\/tags?post=32172"}],"curies":[{"name":"wp","href":"https:\/\/api.w.org\/{rel}","templated":true}]}}