{"id":32071,"date":"2015-02-04T19:41:53","date_gmt":"2015-02-04T17:41:53","guid":{"rendered":"http:\/\/triatletasenred.com\/?p=32071"},"modified":"2015-02-04T19:41:53","modified_gmt":"2015-02-04T17:41:53","slug":"cronica-desde-el-dorsal-duatlon-de-banyeres","status":"publish","type":"post","link":"https:\/\/miurltemporal.com/main/triatletasenred.sport.es\/colaboradores\/cronica-desde-el-dorsal-duatlon-de-banyeres\/","title":{"rendered":"Cr\u00f3nica desde el dorsal: Duatl\u00f3n de Banyeres"},"content":{"rendered":"<div style=\"text-align: justify;\">El <strong>Duatl\u00f3n de Banyeres<\/strong>\u00a0NDS by Etixx ha sido una de las mejores pruebas que he disputado en mi vida. Bonita y dura a partes iguales. Digo que es una de las mejores pruebas porque me encanta su concepto, <strong>desnivel, sin draft, barro, sudor, fr\u00edo, vient<\/strong>o&#8230; Y muchas cosas mas. Una prueba para los que amamos este deporte. De esas que curten y te ponen a prueba.<\/div>\n<div style=\"text-align: justify;\"><\/div>\n<div style=\"text-align: justify;\">Nos presentamos a la competici\u00f3n unos 200, pocos pero valientes. Unos 40 no presentados y unos 15 retirados. Los n\u00fameros hablan por si solos. Las condiciones eran, a priori, las peores para disputar una prueba; con temperaturas cerca de 0 grados, vientos de m\u00e1s de 70 kil\u00f3metros por hora, te aseguro que bajar a 60 kil\u00f3metros por hora\u00a0con ese cuento racheado asusta al ciclista m\u00e1s experimentado, que no es mi caso, y adem\u00e1s era campeonato auton\u00f3mico, es decir, hab\u00eda mucho nivel.<\/div>\n<div style=\"text-align: justify;\"><\/div>\n<div style=\"text-align: justify;\">Los d\u00edas previos me toco adaptar mi bici de contrarreloj a bici de ruta, quitar manillar, sill\u00edn, el perfil de las ruedas y hacerla lo m\u00e1s asequible para el desnivel y el viento. La organizaci\u00f3n correcta, sencilla y muy amistosa, con buenos avituallamientos, postmeta y un ambiente genial, quiz\u00e1 ech\u00e9 de menos un mejor detalle al deportista, porque de verdad el recuerdo que te deja la prueba bien merece la pena lucirlo.<\/div>\n<div style=\"text-align: justify;\"><\/div>\n<div style=\"text-align: justify;\">Sinceramente disfrute mucho, de todos los tramos, sobre todo del \u00faltimo, pues tuve la suerte de acabarlo con mi mujer. \u00a1Otra valiente! Enhorabuena a todos los que acabasteis. Solo acabar era todo un reto. Y animaros a todos los que os gusten las pruebas puras y de verdad a que lo hag\u00e1is el a\u00f1o pr\u00f3ximo. No os defraudar\u00e1, dureza y belleza a partes iguales.<\/div>\n<div style=\"text-align: justify;\"><\/div>\n<div>\u00a1Nos vemos en el pr\u00f3ximo!<\/div>\n<div><\/div>\n<div>David Baldov\u00ed #HAZLOPORTI<\/div>\n<div><img decoding=\"async\" class=\"wp-image-31599 aligncenter\" src=\"https:\/\/miurltemporal.com/main/triatletasenred.sport.es\/wp-content\/uploads\/David-Baldov\u00ed.jpg\" alt=\"David Baldov\u00ed\" width=\"350\" height=\"137\" srcset=\"https:\/\/miurltemporal.com/main/triatletasenred.sport.es\/wp-content\/uploads\/David-Baldov\u00ed.jpg 1261w, https:\/\/miurltemporal.com/main/triatletasenred.sport.es\/wp-content\/uploads\/David-Baldov\u00ed-700x274.jpg 700w, https:\/\/miurltemporal.com/main/triatletasenred.sport.es\/wp-content\/uploads\/David-Baldov\u00ed-300x117.jpg 300w, https:\/\/miurltemporal.com/main/triatletasenred.sport.es\/wp-content\/uploads\/David-Baldov\u00ed-1024x400.jpg 1024w, https:\/\/miurltemporal.com/main/triatletasenred.sport.es\/wp-content\/uploads\/David-Baldov\u00ed-768x300.jpg 768w, https:\/\/miurltemporal.com/main/triatletasenred.sport.es\/wp-content\/uploads\/David-Baldov\u00ed-696x272.jpg 696w, https:\/\/miurltemporal.com/main/triatletasenred.sport.es\/wp-content\/uploads\/David-Baldov\u00ed-1068x418.jpg 1068w, https:\/\/miurltemporal.com/main/triatletasenred.sport.es\/wp-content\/uploads\/David-Baldov\u00ed-1074x420.jpg 1074w\" sizes=\"(max-width: 350px) 100vw, 350px\" \/><\/div>\n","protected":false},"excerpt":{"rendered":"<p>Nuestro colaborador David Baldov\u00ed disput\u00f3 el Duatl\u00f3n de Banyeres A300w y nos cuenta de primera mano como super\u00f3 las fuertes rachas de viento.<\/p>\n","protected":false},"author":6,"featured_media":32074,"comment_status":"open","ping_status":"open","sticky":false,"template":"","format":"standard","meta":{"_acf_changed":false,"rank_math_lock_modified_date":false,"footnotes":""},"categories":[15,1191],"tags":[],"class_list":{"0":"post-32071","1":"post","2":"type-post","3":"status-publish","4":"format-standard","5":"has-post-thumbnail","7":"category-colaboradores","8":"category-triatlon"},"acf":[],"_links":{"self":[{"href":"https:\/\/miurltemporal.com/main/triatletasenred.sport.es\/wp-json\/wp\/v2\/posts\/32071"}],"collection":[{"href":"https:\/\/miurltemporal.com/main/triatletasenred.sport.es\/wp-json\/wp\/v2\/posts"}],"about":[{"href":"https:\/\/miurltemporal.com/main/triatletasenred.sport.es\/wp-json\/wp\/v2\/types\/post"}],"author":[{"embeddable":true,"href":"https:\/\/miurltemporal.com/main/triatletasenred.sport.es\/wp-json\/wp\/v2\/users\/6"}],"replies":[{"embeddable":true,"href":"https:\/\/miurltemporal.com/main/triatletasenred.sport.es\/wp-json\/wp\/v2\/comments?post=32071"}],"version-history":[{"count":0,"href":"https:\/\/miurltemporal.com/main/triatletasenred.sport.es\/wp-json\/wp\/v2\/posts\/32071\/revisions"}],"wp:featuredmedia":[{"embeddable":true,"href":"https:\/\/miurltemporal.com/main/triatletasenred.sport.es\/wp-json\/wp\/v2\/media\/32074"}],"wp:attachment":[{"href":"https:\/\/miurltemporal.com/main/triatletasenred.sport.es\/wp-json\/wp\/v2\/media?parent=32071"}],"wp:term":[{"taxonomy":"category","embeddable":true,"href":"https:\/\/miurltemporal.com/main/triatletasenred.sport.es\/wp-json\/wp\/v2\/categories?post=32071"},{"taxonomy":"post_tag","embeddable":true,"href":"https:\/\/miurltemporal.com/main/triatletasenred.sport.es\/wp-json\/wp\/v2\/tags?post=32071"}],"curies":[{"name":"wp","href":"https:\/\/api.w.org\/{rel}","templated":true}]}}