{"id":32048,"date":"2015-02-04T12:01:34","date_gmt":"2015-02-04T10:01:34","guid":{"rendered":"http:\/\/triatletasenred.com\/?p=32048"},"modified":"2015-02-04T12:01:34","modified_gmt":"2015-02-04T10:01:34","slug":"travesias-v-travesia-no-a-la-fred-2015","status":"publish","type":"post","link":"https:\/\/miurltemporal.com/main/triatletasenred.sport.es\/travesias\/travesias-v-travesia-no-a-la-fred-2015\/","title":{"rendered":"TRAVES\u00cdAS: V traves\u00eda No a la Fred 2015"},"content":{"rendered":"<h3 class=\"p1\" style=\"text-align: justify;\"><span class=\"s1\"><b>M\u00e1s de cincuenta\u00a0nadadores dijeron no a las bajas temperaturas en la quinta edici\u00f3n de la Traves\u00eda No a la Fred de Sant Feliu de Gu\u00edxols. El sol acompa\u00f1\u00f3 a los participantes, que sufrieron temperaturas inferiores a 14 grados.<\/b><\/span><\/h3>\n<p class=\"p1\" style=\"text-align: justify;\"><span class=\"s1\">La V traves\u00eda No a la Fred, organizada por el<span class=\"Apple-converted-space\">\u00a0 <\/span>Club Aqu\u00e0tic Xaloc, ha alcanzado en 2015 su quinta edici\u00f3n. Sin pretensi\u00f3n de ser un evento multitudinario ha ido atrayendo a\u00f1o tras a\u00f1o a m\u00e1s participantes que quieren disfrutar de la nataci\u00f3n en aguas abiertas en pleno invierno. Para nadadores y organizada por nadadores, la traves\u00eda No a la Fred busca ofrecer un trato faminiar y un ambiente de compa\u00f1erismo.<\/span><\/p>\n<p class=\"p1\" style=\"text-align: justify;\"><span class=\"s1\">La salida se dio puntualmente y al tratarse de una traves\u00eda no competitiva, ha sido escalonada, aportando tranquilidad y serenidad al desaf\u00edo de decir no al fr\u00edo. Entre los cincuenta y cinco participantes, una docena lo hicieron solo con ba\u00f1ador, sin la protecci\u00f3n t\u00e9rmica del neopreno. El d\u00eda ha estado de pleno sol, aunque frio, con una temperatura del agua del mar alrededor de los 13,7\u00baC.<\/span><\/p>\n<p class=\"p1\" style=\"text-align: justify;\"><span class=\"s1\">El recorrido, de 1.800 metros, fue de ida y vuelta, no pudiendo cruzar el paso entre rocas llamado El Freu, por el estado del mar. Se opto por colocar una boya a la altura de Freu, haciendo vivir sensaciones de mar abierto a los participantes y manteniendo de esta forma la distancia original.<\/span><\/p>\n<p class=\"p1\" style=\"text-align: justify;\"><span class=\"s1\">No hab\u00eda olas altas, pero si largas, por el mar de fondo que gener\u00f3 la tramontana en d\u00edas anteriores. Las corrientes, una vez dentro del mar, eran en diferentes direcciones, seg\u00fan la zona.\u00a0<\/span>A la llegada, los participantes dispon\u00edan de dos carpas cerradas, con estufa para cambiarse y entrar en calor, junto al avituallamiento de chocolate a la taza y pastas para reponerse del esfuerzo.<\/p>\n<p class=\"p1\" style=\"text-align: justify;\">Kayakistas y embarcaciones de seguimiento, entre ellas la Cruz Roja, con equipo de socorristas acu\u00e1ticos y dotaci\u00f3n en tierra, han dado la seguridad que hace falta para nadar en invierno con plenas garant\u00edas.<\/p>\n<p class=\"p3\" style=\"text-align: justify;\"><span class=\"s2\">M\u00e1s fotos en: <a href=\"https:\/\/picasaweb.google.com\/112689039010231893876\/TRAVESSIANOALAFRED2015\" rel=\"nofollow noopener\" target=\"_blank\"><span class=\"s3\">Club Aqu\u00e0tic Xaloc<\/span><\/a><\/span><\/p>\n","protected":false},"excerpt":{"rendered":"<p>M\u00e1s de cincuenta nadadores desafiaron al fr\u00edo en la V Traves\u00eda No a la Fred, organizada por el Club Aquatic Xaloc en Sant Feliu de Gu\u00edxols.<\/p>\n","protected":false},"author":7,"featured_media":32050,"comment_status":"open","ping_status":"open","sticky":false,"template":"","format":"standard","meta":{"_acf_changed":false,"rank_math_lock_modified_date":false,"footnotes":""},"categories":[517],"tags":[2300,87,443,461,41],"class_list":{"0":"post-32048","1":"post","2":"type-post","3":"status-publish","4":"format-standard","5":"has-post-thumbnail","7":"category-travesias","8":"tag-club-aquatic-xaloc","9":"tag-natacion","10":"tag-no-a-la-fred","11":"tag-swim","12":"tag-ultraquim"},"acf":[],"_links":{"self":[{"href":"https:\/\/miurltemporal.com/main/triatletasenred.sport.es\/wp-json\/wp\/v2\/posts\/32048"}],"collection":[{"href":"https:\/\/miurltemporal.com/main/triatletasenred.sport.es\/wp-json\/wp\/v2\/posts"}],"about":[{"href":"https:\/\/miurltemporal.com/main/triatletasenred.sport.es\/wp-json\/wp\/v2\/types\/post"}],"author":[{"embeddable":true,"href":"https:\/\/miurltemporal.com/main/triatletasenred.sport.es\/wp-json\/wp\/v2\/users\/7"}],"replies":[{"embeddable":true,"href":"https:\/\/miurltemporal.com/main/triatletasenred.sport.es\/wp-json\/wp\/v2\/comments?post=32048"}],"version-history":[{"count":0,"href":"https:\/\/miurltemporal.com/main/triatletasenred.sport.es\/wp-json\/wp\/v2\/posts\/32048\/revisions"}],"wp:featuredmedia":[{"embeddable":true,"href":"https:\/\/miurltemporal.com/main/triatletasenred.sport.es\/wp-json\/wp\/v2\/media\/32050"}],"wp:attachment":[{"href":"https:\/\/miurltemporal.com/main/triatletasenred.sport.es\/wp-json\/wp\/v2\/media?parent=32048"}],"wp:term":[{"taxonomy":"category","embeddable":true,"href":"https:\/\/miurltemporal.com/main/triatletasenred.sport.es\/wp-json\/wp\/v2\/categories?post=32048"},{"taxonomy":"post_tag","embeddable":true,"href":"https:\/\/miurltemporal.com/main/triatletasenred.sport.es\/wp-json\/wp\/v2\/tags?post=32048"}],"curies":[{"name":"wp","href":"https:\/\/api.w.org\/{rel}","templated":true}]}}