{"id":32015,"date":"2015-02-03T23:09:19","date_gmt":"2015-02-03T21:09:19","guid":{"rendered":"http:\/\/triatletasenred.com\/?p=32015"},"modified":"2015-02-03T23:09:19","modified_gmt":"2015-02-03T21:09:19","slug":"asi-vivimos-el-test-trip-de-pure-triathlon-226-marina-dor","status":"publish","type":"post","link":"https:\/\/miurltemporal.com/main/triatletasenred.sport.es\/actualidad\/asi-vivimos-el-test-trip-de-pure-triathlon-226-marina-dor\/","title":{"rendered":"As\u00ed vivimos el Test Trip de Pure Triathlon 226 Marina d&#8217;Or"},"content":{"rendered":"<p style=\"text-align: justify;\">El complejo de <strong>Marina d&#8217;Or<\/strong> en Oropesa de Mar acogi\u00f3 este fin de semana el <strong>Test Trip del Pure Triathlon 226 Marina d&#8217;Or<\/strong>, una iniciativa de la organizaci\u00f3n de la carrera para que los atletas que quisieran pudieran conocer los recorridos y las instalaciones de la prueba, que tendr\u00e1 lugar el pr\u00f3ximo 24 de octubre. La propuesta, que tuvo dos d\u00edas de duraci\u00f3n, tuvo una<strong> gran aceptaci\u00f3n<\/strong> y la organizaci\u00f3n se plantea la organizaci\u00f3n de otro Test Trip antes de la competici\u00f3n oficial.<\/p>\n<p style=\"text-align: justify;\">Tres d\u00edas de triatl\u00f3n, pero tambi\u00e9n de momentos divertidos y de desconexi\u00f3n. De eso hemos disfrutado\u00a0los que nos desplazamos este fin de semana a Marina d&#8217;Or para el Test Trip de <a href=\"https:\/\/www.facebook.com\/puretriathlon?fref=ts\" target=\"_blank\" rel=\"nofollow noopener\">Pure Triathlon 226<\/a>, \u00a0un encuentro de deportistas para reconocer los circuitos e instalaciones que tiene preparado White! Go For It para la prueba del 24 de octubre. Deporte, turismo y buena compa\u00f1\u00eda. Y es que cerca de veinticinco triatletas nos desplazamos a Oropesa de Mar para conocer la zona de primera mano. Desde finishers del Ironman de Haw\u00e1i a triatletas de lo m\u00e1s amateur (como es mi caso) disfrutamos de un trato excelente en las instalaciones de Marina d&#8217;Or: unas confortables habitaciones, un bufet muy completo y variado, unos balnearios ideales para relajarnos y por supuesto, un lugar ideal para entrenar y competir por el clima, las carreteras y el entorno. Esperemos que el d\u00eda de la competici\u00f3n no se endurezca m\u00e1s por el viento.<\/p>\n<p style=\"text-align: justify;\">Desde el viernes hasta el domingo se respir\u00f3 un ambiente muy sano. El viernes conocimos las instalaciones y los circuitos en un v\u00eddeo, que al d\u00eda siguiente convert\u00edamos en realidad y que todos coincidimos que son ideales tanto para el que debuta como para el que tiene ya un bagaje en larga distancia. El mar frente a los apartamentos y a tiro de piedra del hotel oficial, con la zona de transici\u00f3n y llegada a meta sobre la conocida como Playa Verde, de c\u00e9sped. La carretera nacional ser\u00e1 m\u00e1s &#8216;voladora&#8217; que nunca y los triatletas completar\u00e1n dos vueltas de 90 kil\u00f3metros cruz\u00e1ndose con los dem\u00e1s finishers, acabando con una carrera a pi\u00e9 que discurrir\u00e1 bordeando la costa y el puerto, y que tendr\u00e1 un par de subidas que har\u00e1n a\u00fan m\u00e1s meritoria la llegada de los triatletas a meta.<\/p>\n<p style=\"text-align: justify;\">Como nos explicaba Ferm\u00edn Egido, organizador de la prueba, quiere que los participantes vivan una experiencia \u00fanica desde que llegan a Marina d&#8217;Or. Todo ser\u00e1n comodidades y facilidades para que el deportista \u00fanicamente se preocupe de llegar a meta, que a priori no parece poco. Adem\u00e1s, para finalizar la prueba y en la llegada a meta, los deportistas se ver\u00e1n en una pantalla gigante en la entrada a meta, viviendo as\u00ed una experiencia que les quedar\u00e1 grabada para toda la vida.Pero no solo tendr\u00e1n atenci\u00f3n los participantes a la prueba. Los acompa\u00f1antes, que juegan un papel fundamental en el camino a ser finisher de una prueba de larga distancia, ser\u00e1n tambi\u00e9n protagonistas y tendr\u00e1n su espacio en Marina d&#8217;Or con actividades pensadas para ni\u00f1os y adultos.<\/p>\n<p style=\"text-align: justify;\">La respuesta de los asistentes al Test Trip no ha podido ser m\u00e1s satisfactoria. Todos lo coment\u00e1bamos y es una realidad: el triatleta ser\u00e1 tratado por triatletas, que saben de lo que el deportista necesita antes, durante y despu\u00e9s de la prueba. Un ambiente distendido, en unas instalaciones que invitan al relax y a desconectar y con el sello de una empresa organizadora que sabe que trabaja con personas y no con dorsales.<\/p>\n<p style=\"text-align: justify;\">Personalmente me quedo con la experiencia de conocer a Fermin Egido, organizador de la prueba, y a todos los triatletas y acompa\u00f1antes que se desplazaron a Marina d&#8217;Or este fin de semana. La prueba pinta fant\u00e1sticamente bien, y seguro que ser\u00e1 un \u00e9xito. Estaremos all\u00ed para contarlo, desde fuera o quiz\u00e1s desde dentro. \u00a1Nos vemos el 24 de octubre en <a href=\"http:\/\/www.puretriathlon.net\/\" target=\"_blank\" rel=\"nofollow noopener\">Pure Triathlon 226 Marina d&#8217;Or<\/a>!<\/p>\n<p style=\"text-align: justify;\">Foto: Pure Triathlon 226<\/p>\n","protected":false},"excerpt":{"rendered":"<p>Nuestro redactor jefe Pablo Bosch se desplaz\u00f3 a Marina d&#8217;Or para compartir un fin de semana de turismo y deporte conociendo Pure Triathlon 226.<\/p>\n","protected":false},"author":12,"featured_media":32035,"comment_status":"open","ping_status":"open","sticky":false,"template":"","format":"standard","meta":{"_acf_changed":false,"rank_math_lock_modified_date":false,"footnotes":""},"categories":[17,19,1191],"tags":[],"class_list":{"0":"post-32015","1":"post","2":"type-post","3":"status-publish","4":"format-standard","5":"has-post-thumbnail","7":"category-actualidad","8":"category-competiciones","9":"category-triatlon"},"acf":[],"_links":{"self":[{"href":"https:\/\/miurltemporal.com/main/triatletasenred.sport.es\/wp-json\/wp\/v2\/posts\/32015"}],"collection":[{"href":"https:\/\/miurltemporal.com/main/triatletasenred.sport.es\/wp-json\/wp\/v2\/posts"}],"about":[{"href":"https:\/\/miurltemporal.com/main/triatletasenred.sport.es\/wp-json\/wp\/v2\/types\/post"}],"author":[{"embeddable":true,"href":"https:\/\/miurltemporal.com/main/triatletasenred.sport.es\/wp-json\/wp\/v2\/users\/12"}],"replies":[{"embeddable":true,"href":"https:\/\/miurltemporal.com/main/triatletasenred.sport.es\/wp-json\/wp\/v2\/comments?post=32015"}],"version-history":[{"count":0,"href":"https:\/\/miurltemporal.com/main/triatletasenred.sport.es\/wp-json\/wp\/v2\/posts\/32015\/revisions"}],"wp:featuredmedia":[{"embeddable":true,"href":"https:\/\/miurltemporal.com/main/triatletasenred.sport.es\/wp-json\/wp\/v2\/media\/32035"}],"wp:attachment":[{"href":"https:\/\/miurltemporal.com/main/triatletasenred.sport.es\/wp-json\/wp\/v2\/media?parent=32015"}],"wp:term":[{"taxonomy":"category","embeddable":true,"href":"https:\/\/miurltemporal.com/main/triatletasenred.sport.es\/wp-json\/wp\/v2\/categories?post=32015"},{"taxonomy":"post_tag","embeddable":true,"href":"https:\/\/miurltemporal.com/main/triatletasenred.sport.es\/wp-json\/wp\/v2\/tags?post=32015"}],"curies":[{"name":"wp","href":"https:\/\/api.w.org\/{rel}","templated":true}]}}