{"id":31973,"date":"2015-02-01T13:31:18","date_gmt":"2015-02-01T11:31:18","guid":{"rendered":"http:\/\/triatletasenred.com\/?p=31973"},"modified":"2015-02-01T13:31:18","modified_gmt":"2015-02-01T11:31:18","slug":"ana-casares-bronce-en-el-europeo-de-reinosa","status":"publish","type":"post","link":"https:\/\/miurltemporal.com/main/triatletasenred.sport.es\/actualidad\/ana-casares-bronce-en-el-europeo-de-reinosa\/","title":{"rendered":"Ana Casares, bronce en el Europeo de Reinosa"},"content":{"rendered":"<p style=\"text-align: justify;\">La triatleta espa\u00f1ola se colg\u00f3 la medalla de bronce en una competici\u00f3n marcada por unas condiciones meteorol\u00f3gicas adversas de fr\u00edo y nieve. El Campeonato de Europa de Triatl\u00f3n de Invierno se celebr\u00f3 con retraso y reconvertido en duatl\u00f3n sprint por las calles de Reinosa. Ana Casares logr\u00f3 el mejor resultado de la expedici\u00f3n espa\u00f1ola a nivel continental, subiendo al podio tras la rusa\u00a0Olga Parfinenko y la checa Sarka Grabmullerova.<\/p>\n<p style=\"text-align: justify;\">En categor\u00eda masculina, el triunfo continental fue para el ruso Pavel Andreev, que reedit\u00f3 el t\u00edtulo conseguido la temporada anterior. Unos problemas en el cambio de equipaci\u00f3n del espa\u00f1ol Egoitz Zalakin le impidieron luchar por el podio en el Campeonato de Europa de Triatl\u00f3n de Invierno.<\/p>\n<p style=\"text-align: justify;\">En el marco del Campeonato de Espa\u00f1a de Triatl\u00f3n de Invierno, tambi\u00e9n celebrado en Reinosa, las victorias absolutas fueron para Egoitz Zalakin y Ana Casares, que se enfundaban el maillot de campeones nacionales. Casares consegu\u00eda mejorar el resultado de 2013, cuando se proclam\u00f3 subcampeona. Por su parte, Zalakain consegu\u00eda revalidar el t\u00edtulo conseguido en 2013 por delante de Pello Osorio y Joan Freixa.<\/p>\n<p style=\"text-align: justify;\">Los deportistas completaron 5 kil\u00f3metros de carrera a pie, 18 kil\u00f3metros ciclismo, con tramos sobre la nieve, y acabaron con 2,5 kil\u00f3metros a pie por las calles de Reinosa. La competici\u00f3n estuvo marcada en todo momento por las durisimas condiciones meteorl\u00f3gicas, con nieve y fr\u00edo.<\/p>\n<p style=\"text-align: justify;\">Foto: FETRI<\/p>\n","protected":false},"excerpt":{"rendered":"<p>La triatleta espa\u00f1ola se subi\u00f3 al podio del Campeonato de Europa de Triatl\u00f3n de Invierno, en una prueba marcada por el fr\u00edo y la nieve en Reinosa.<\/p>\n","protected":false},"author":12,"featured_media":31978,"comment_status":"open","ping_status":"open","sticky":false,"template":"","format":"standard","meta":{"_acf_changed":false,"rank_math_lock_modified_date":false,"footnotes":""},"categories":[17,19,2033],"tags":[],"class_list":{"0":"post-31973","1":"post","2":"type-post","3":"status-publish","4":"format-standard","5":"has-post-thumbnail","7":"category-actualidad","8":"category-competiciones","9":"category-sport"},"acf":[],"_links":{"self":[{"href":"https:\/\/miurltemporal.com/main/triatletasenred.sport.es\/wp-json\/wp\/v2\/posts\/31973"}],"collection":[{"href":"https:\/\/miurltemporal.com/main/triatletasenred.sport.es\/wp-json\/wp\/v2\/posts"}],"about":[{"href":"https:\/\/miurltemporal.com/main/triatletasenred.sport.es\/wp-json\/wp\/v2\/types\/post"}],"author":[{"embeddable":true,"href":"https:\/\/miurltemporal.com/main/triatletasenred.sport.es\/wp-json\/wp\/v2\/users\/12"}],"replies":[{"embeddable":true,"href":"https:\/\/miurltemporal.com/main/triatletasenred.sport.es\/wp-json\/wp\/v2\/comments?post=31973"}],"version-history":[{"count":0,"href":"https:\/\/miurltemporal.com/main/triatletasenred.sport.es\/wp-json\/wp\/v2\/posts\/31973\/revisions"}],"wp:featuredmedia":[{"embeddable":true,"href":"https:\/\/miurltemporal.com/main/triatletasenred.sport.es\/wp-json\/wp\/v2\/media\/31978"}],"wp:attachment":[{"href":"https:\/\/miurltemporal.com/main/triatletasenred.sport.es\/wp-json\/wp\/v2\/media?parent=31973"}],"wp:term":[{"taxonomy":"category","embeddable":true,"href":"https:\/\/miurltemporal.com/main/triatletasenred.sport.es\/wp-json\/wp\/v2\/categories?post=31973"},{"taxonomy":"post_tag","embeddable":true,"href":"https:\/\/miurltemporal.com/main/triatletasenred.sport.es\/wp-json\/wp\/v2\/tags?post=31973"}],"curies":[{"name":"wp","href":"https:\/\/api.w.org\/{rel}","templated":true}]}}