{"id":31958,"date":"2015-01-31T02:37:41","date_gmt":"2015-01-31T00:37:41","guid":{"rendered":"http:\/\/triatletasenred.com\/?p=31958"},"modified":"2015-01-31T02:37:41","modified_gmt":"2015-01-31T00:37:41","slug":"reinosa-acoge-los-campeonatos-de-espana-y-europa-de-triatlon-de-invierno","status":"publish","type":"post","link":"https:\/\/miurltemporal.com/main/triatletasenred.sport.es\/actualidad\/reinosa-acoge-los-campeonatos-de-espana-y-europa-de-triatlon-de-invierno\/","title":{"rendered":"Reinosa acoge los Campeonatos de Espa\u00f1a y Europa de Triatl\u00f3n de Invierno"},"content":{"rendered":"<p style=\"text-align: justify;\">La localidad c\u00e1ntabra de Reinosa acoge este s\u00e1bado 31 de enero la celebraci\u00f3n del Campeonato de Europa de Triatl\u00f3n de Invierno ETU en el marco del XXVIII Triatl\u00f3n Blanco de Reinosa, sede a su vez del Campeonato de Espa\u00f1a de la modalidad. La competici\u00f3n acoge tanto el campeonato continental como el nacional, y cuenta con los mejores especialistas del triatl\u00f3n de invierno.<\/p>\n<p style=\"text-align: justify;\">La prueba consta de 10 kil\u00f3metros de carrera a pie por un recorrido llano a trav\u00e9s de las calles de Reinosa, 24 de ciclismo con un desnivel de 800 metros y 9,3 kil\u00f3metros de esqu\u00eda de fondo. En total, m\u00e1s de 200 participantes tomar\u00e1n la salida de la prueba desde Reinosa para acabar en las pistas de esqu\u00ed de fondo de Alto Campoo. El tramo ciclista, sobre asfalto, contar\u00e1 con un \u00faltimo tramo de 8 kil\u00f3metros muy exigente, mientras que el sector de esqu\u00ed de fondo se completar\u00e1 con tres vueltas a un circuito de 3,1 kil\u00f3metros. La nieve ser\u00e1 protagonista durante toda la competici\u00f3n.<\/p>\n<p style=\"text-align: justify;\">En la rueda de prensa previa al evento, el ruso Pavel Andreev, campe\u00f3n de Europa y del mundo en varias ocasiones, ha destacado el gran nivel de los participantes, especialmente de las selecciones italiana y espa\u00f1ola. El combinado nacional contar\u00e1 con\u00a0Egoitz Zalakain,\u00a0 Jon Erguin y Sebasti\u00e0 Catll\u00e0 en categor\u00eda masculina, mientras que en f\u00e9minas ser\u00e1n Ana Casares y Yolanda Magall\u00f3n quienes vistan los colores de Espa\u00f1a. La prueba se disputa este s\u00e1bado 31 de enero en las inmediaciones de Reinosa y la estaci\u00f3n de esqu\u00ed de Alto Campoo.<\/p>\n","protected":false},"excerpt":{"rendered":"<p>La localidad c\u00e1ntabra de Reinosa acoge este s\u00e1bado el Campeonato de Espa\u00f1a y de Europa de Triatl\u00f3n de Invierno.<\/p>\n","protected":false},"author":12,"featured_media":31959,"comment_status":"open","ping_status":"open","sticky":false,"template":"","format":"standard","meta":{"_acf_changed":false,"rank_math_lock_modified_date":false,"footnotes":""},"categories":[17,19,2033,1191],"tags":[],"class_list":{"0":"post-31958","1":"post","2":"type-post","3":"status-publish","4":"format-standard","5":"has-post-thumbnail","7":"category-actualidad","8":"category-competiciones","9":"category-sport","10":"category-triatlon"},"acf":[],"_links":{"self":[{"href":"https:\/\/miurltemporal.com/main/triatletasenred.sport.es\/wp-json\/wp\/v2\/posts\/31958"}],"collection":[{"href":"https:\/\/miurltemporal.com/main/triatletasenred.sport.es\/wp-json\/wp\/v2\/posts"}],"about":[{"href":"https:\/\/miurltemporal.com/main/triatletasenred.sport.es\/wp-json\/wp\/v2\/types\/post"}],"author":[{"embeddable":true,"href":"https:\/\/miurltemporal.com/main/triatletasenred.sport.es\/wp-json\/wp\/v2\/users\/12"}],"replies":[{"embeddable":true,"href":"https:\/\/miurltemporal.com/main/triatletasenred.sport.es\/wp-json\/wp\/v2\/comments?post=31958"}],"version-history":[{"count":0,"href":"https:\/\/miurltemporal.com/main/triatletasenred.sport.es\/wp-json\/wp\/v2\/posts\/31958\/revisions"}],"wp:featuredmedia":[{"embeddable":true,"href":"https:\/\/miurltemporal.com/main/triatletasenred.sport.es\/wp-json\/wp\/v2\/media\/31959"}],"wp:attachment":[{"href":"https:\/\/miurltemporal.com/main/triatletasenred.sport.es\/wp-json\/wp\/v2\/media?parent=31958"}],"wp:term":[{"taxonomy":"category","embeddable":true,"href":"https:\/\/miurltemporal.com/main/triatletasenred.sport.es\/wp-json\/wp\/v2\/categories?post=31958"},{"taxonomy":"post_tag","embeddable":true,"href":"https:\/\/miurltemporal.com/main/triatletasenred.sport.es\/wp-json\/wp\/v2\/tags?post=31958"}],"curies":[{"name":"wp","href":"https:\/\/api.w.org\/{rel}","templated":true}]}}