{"id":31914,"date":"2015-02-11T03:55:41","date_gmt":"2015-02-11T01:55:41","guid":{"rendered":"http:\/\/triatletasenred.com\/?p=31914"},"modified":"2015-02-11T03:55:41","modified_gmt":"2015-02-11T01:55:41","slug":"lanzada-fetri-tv","status":"publish","type":"post","link":"https:\/\/miurltemporal.com/main/triatletasenred.sport.es\/actualidad\/lanzada-fetri-tv\/","title":{"rendered":"Lanzada FETRI TV"},"content":{"rendered":"<p style=\"text-align: justify;\">La<strong> Federaci\u00f3n Espa\u00f1ola de Triatl\u00f3n<\/strong> (FETRI) ha lanzado\u00a0recientemente <strong>FETRI TV<\/strong>, un canal multimedia que busca ofrecer contenidos de inter\u00e9s para los amantes del triatl\u00f3n de la mano de la productora 8mm. El objetivo es el de ofrecer al usuario una nueva forma disfrutar del triatl\u00f3n a trav\u00e9s de las numerosas secciones <strong>multimedia<\/strong> que presenta el canal. Desde los mejores momentos de las competiciones nacionales e internacionales, previas de competiciones que se disputar\u00e1n esta temporada, res\u00famenes de las pruebas ya disputadas e incluso una secci\u00f3n de entrevistas para conocer m\u00e1s a fondo a deportistas, clubes, organizadores, directivos u oficiales, tal y como anuncia la FETRI en un comunicado. <strong>FETRI TV<\/strong> se puede ver ahora en este enlace para disfrutar de contenido multimedia sobre triatl\u00f3n con <strong>el objetivo de seguir creciendo y afianzando el deporte.<\/strong><\/p>\n<p style=\"text-align: justify;\">Foto: FETRI<\/p>\n","protected":false},"excerpt":{"rendered":"<p>La Federaci\u00f3n Espa\u00f1ola de Triatl\u00f3n ha anunciado recientemente la creaci\u00f3n de FETRI TV, un canal multimedia para disfrutar de<\/p>\n","protected":false},"author":6,"featured_media":31916,"comment_status":"open","ping_status":"open","sticky":false,"template":"","format":"standard","meta":{"_acf_changed":false,"rank_math_lock_modified_date":false,"footnotes":""},"categories":[17,1191],"tags":[],"class_list":{"0":"post-31914","1":"post","2":"type-post","3":"status-publish","4":"format-standard","5":"has-post-thumbnail","7":"category-actualidad","8":"category-triatlon"},"acf":[],"_links":{"self":[{"href":"https:\/\/miurltemporal.com/main/triatletasenred.sport.es\/wp-json\/wp\/v2\/posts\/31914"}],"collection":[{"href":"https:\/\/miurltemporal.com/main/triatletasenred.sport.es\/wp-json\/wp\/v2\/posts"}],"about":[{"href":"https:\/\/miurltemporal.com/main/triatletasenred.sport.es\/wp-json\/wp\/v2\/types\/post"}],"author":[{"embeddable":true,"href":"https:\/\/miurltemporal.com/main/triatletasenred.sport.es\/wp-json\/wp\/v2\/users\/6"}],"replies":[{"embeddable":true,"href":"https:\/\/miurltemporal.com/main/triatletasenred.sport.es\/wp-json\/wp\/v2\/comments?post=31914"}],"version-history":[{"count":0,"href":"https:\/\/miurltemporal.com/main/triatletasenred.sport.es\/wp-json\/wp\/v2\/posts\/31914\/revisions"}],"wp:featuredmedia":[{"embeddable":true,"href":"https:\/\/miurltemporal.com/main/triatletasenred.sport.es\/wp-json\/wp\/v2\/media\/31916"}],"wp:attachment":[{"href":"https:\/\/miurltemporal.com/main/triatletasenred.sport.es\/wp-json\/wp\/v2\/media?parent=31914"}],"wp:term":[{"taxonomy":"category","embeddable":true,"href":"https:\/\/miurltemporal.com/main/triatletasenred.sport.es\/wp-json\/wp\/v2\/categories?post=31914"},{"taxonomy":"post_tag","embeddable":true,"href":"https:\/\/miurltemporal.com/main/triatletasenred.sport.es\/wp-json\/wp\/v2\/tags?post=31914"}],"curies":[{"name":"wp","href":"https:\/\/api.w.org\/{rel}","templated":true}]}}