{"id":31806,"date":"2015-01-26T12:31:00","date_gmt":"2015-01-26T10:31:00","guid":{"rendered":"http:\/\/triatletasenred.com\/?p=31806"},"modified":"2015-01-27T06:36:27","modified_gmt":"2015-01-27T04:36:27","slug":"trilimit-un-triatlon-para-todos-los-gustos","status":"publish","type":"post","link":"https:\/\/miurltemporal.com/main/triatletasenred.sport.es\/en-red\/trilimit-un-triatlon-para-todos-los-gustos\/","title":{"rendered":"Trilimit: un triatl\u00f3n para todos los gustos"},"content":{"rendered":"<p style=\"text-align: justify;\">Por segundo a\u00f1o consecutivo el club WITL? y Wefeel Sport organizar\u00e1n el Trilimit. La cita tendr\u00e1 lugar el fin de semana del 11 y 12 de abril en la localidad de Deltebre. Con el af\u00e1n de hacer part\u00edcipe de esta fiesta a todo tipo de triatletas, este triatl\u00f3n albergar\u00e1 m\u00faltiples distancias y modalidades.<\/p>\n<p style=\"text-align: justify;\">A las distancias ya impartidas en su primera edici\u00f3n, Sprint (750m-20km-5km) y Ol\u00edmpico (1\u20195km-38km-10km) se unen en 2015 las denominadas Short y Half.<\/p>\n<p style=\"text-align: justify;\">El Half (1\u20199km-85km-20km) conocido popularmente como \u201cMedio Ironman\u201d ser\u00e1 el m\u00e1s exigente de todos por lo que a distancia recorrida se refiere y, a\u00a0 mi modo de ver las cosas, no es una prueba propicia para debutar en triatl\u00f3n.<\/p>\n<p style=\"text-align: justify;\">La cuarta opci\u00f3n posible en este evento es el Short. Dicha distancia no est\u00e1 \u201cacreditada\u201d y es que a pesar de que propone algo muy purista y que se remonta a los inicios del triatl\u00f3n, escasea en el circuito nacional. Se trata de un triatl\u00f3n con medidas muy parecidas a un Ol\u00edmpico, (en este caso 950m-56km-10km) pero con la particularidad que est\u00e1 totalmente prohibido \u201cir a rueda\u201d (drafting) durante el sector de ciclismo.<\/p>\n<p style=\"text-align: justify;\">Con tal de diferenciar bien los dos conceptos de pruebas que el Trilimit ofrece y que el funcionamiento sea lo m\u00e1s fluido posible, el s\u00e1bado tendr\u00e1n lugar el Sprint y el Ol\u00edmpico y el domingo el protagonismo recaer\u00e1 en el Short y al Half.<\/p>\n<p style=\"text-align: justify;\">Si todo va bien, competir\u00e9 en el Short el pr\u00f3ximo 12 de abril (nunca antes he corrido bajo esta distancia y caracter\u00edsticas) y me parece una propuesta muy acertada e ideal para continuar con mi preparaci\u00f3n.<\/p>\n<p style=\"text-align: justify;\">Los atletas WITL? Saleta castro, Nan Oliveras, Anna Godoy, Jordi Matos, Pep Sanchez, Victor Tasende, Judith Corach\u00e1n, Josef Ajram, Miriam Albero, Toni Marsal, Isabel del Barrio y \u00a0Dani Nafr\u00eda han confirmado su presencia para apoyar la propuesta y competirla.<\/p>\n<p style=\"text-align: justify;\">Para m\u00e1s informaci\u00f3n: <a href=\"http:\/\/trilimit.com\/\" rel=\"nofollow noopener\" target=\"_blank\">http:\/\/trilimit.com\/<\/a><\/p>\n<p style=\"text-align: justify;\">\u00a1Nos vemos en Deltebre!<\/p>\n<p style=\"text-align: justify;\"><a href=\"http:\/\/www.esportissim.com\/\" rel=\"nofollow noopener\" target=\"_blank\"><img decoding=\"async\" class=\"no-display appear\" src=\"https:\/\/dl.dropboxusercontent.com\/u\/31969244\/ATRIENRED\/esportissim.jpg\" alt=\"\" width=\"529\" height=\"58\" \/><\/a><\/p>\n","protected":false},"excerpt":{"rendered":"<p>De la mano de Wefeel Sport, el club Where Is The Limit? organiza en Deltebre su segunda edici\u00f3n del Trilimit, un triatl\u00f3n para todos los gustos.<\/p>\n","protected":false},"author":259,"featured_media":31807,"comment_status":"open","ping_status":"open","sticky":false,"template":"","format":"standard","meta":{"_acf_changed":false,"rank_math_lock_modified_date":false,"footnotes":""},"categories":[16],"tags":[],"class_list":{"0":"post-31806","1":"post","2":"type-post","3":"status-publish","4":"format-standard","5":"has-post-thumbnail","7":"category-en-red"},"acf":[],"_links":{"self":[{"href":"https:\/\/miurltemporal.com/main/triatletasenred.sport.es\/wp-json\/wp\/v2\/posts\/31806"}],"collection":[{"href":"https:\/\/miurltemporal.com/main/triatletasenred.sport.es\/wp-json\/wp\/v2\/posts"}],"about":[{"href":"https:\/\/miurltemporal.com/main/triatletasenred.sport.es\/wp-json\/wp\/v2\/types\/post"}],"author":[{"embeddable":true,"href":"https:\/\/miurltemporal.com/main/triatletasenred.sport.es\/wp-json\/wp\/v2\/users\/259"}],"replies":[{"embeddable":true,"href":"https:\/\/miurltemporal.com/main/triatletasenred.sport.es\/wp-json\/wp\/v2\/comments?post=31806"}],"version-history":[{"count":0,"href":"https:\/\/miurltemporal.com/main/triatletasenred.sport.es\/wp-json\/wp\/v2\/posts\/31806\/revisions"}],"wp:featuredmedia":[{"embeddable":true,"href":"https:\/\/miurltemporal.com/main/triatletasenred.sport.es\/wp-json\/wp\/v2\/media\/31807"}],"wp:attachment":[{"href":"https:\/\/miurltemporal.com/main/triatletasenred.sport.es\/wp-json\/wp\/v2\/media?parent=31806"}],"wp:term":[{"taxonomy":"category","embeddable":true,"href":"https:\/\/miurltemporal.com/main/triatletasenred.sport.es\/wp-json\/wp\/v2\/categories?post=31806"},{"taxonomy":"post_tag","embeddable":true,"href":"https:\/\/miurltemporal.com/main/triatletasenred.sport.es\/wp-json\/wp\/v2\/tags?post=31806"}],"curies":[{"name":"wp","href":"https:\/\/api.w.org\/{rel}","templated":true}]}}