{"id":31769,"date":"2015-01-26T18:01:09","date_gmt":"2015-01-26T16:01:09","guid":{"rendered":"http:\/\/triatletasenred.com\/?p=31769"},"modified":"2016-02-26T19:20:14","modified_gmt":"2016-02-26T17:20:14","slug":"la-itu-sanciona-a-emma-r-jeffcoat-por-dar-positivo","status":"publish","type":"post","link":"https:\/\/miurltemporal.com/main/triatletasenred.sport.es\/actualidad\/la-itu-sanciona-a-emma-r-jeffcoat-por-dar-positivo\/","title":{"rendered":"La ITU sanciona a Emma R. Jeffcoat por dar positivo"},"content":{"rendered":"<p style=\"text-align: justify;\"><strong>Emma Rose Jeffcoat<\/strong> ha cumplido la sanci\u00f3n de un mes de prohibici\u00f3n que le ha impuesto la ITU.\u00a0 La triatleta australiana dio<strong> positivo por el uso de un diur\u00e9tico<\/strong> en un control anti-dopaje en la <strong>Copa de Asia de Triatl\u00f3n ASTC Hong Kong 2014<\/strong>. La ITU est\u00e1 altamente comprometida con el mantenimiento de la integridad de este deporte, asegurando que los atletas compiten en igualdad de condiciones.<\/p>\n<p style=\"text-align: justify;\">La afectada por esta sanci\u00f3n, <strong>Jeffcoat,<\/strong> ha afirmado: \u201cMe responsabilizo por la <strong>infracci\u00f3n<\/strong> que comet\u00ed de las normas anti-dopaje y reconozco que la<strong> responsabilidad<\/strong> recae en m\u00ed como atleta, en el sentido de que debo comprobar el estado de ASADA -la agencia Anti Dopaje- en lo que respecta a la <strong>medicaci\u00f3n terap\u00e9utica tomada<\/strong>. Me apasiona el triatl\u00f3n y me dedico a mantenerlo limpio, con un justo e igual nivel de competici\u00f3n para todos los atletas\u201d. Y tuvo tiempo tambi\u00e9n para hacer una recomendaci\u00f3n: <strong>\u201cAnimo a todos los atletas a que se familiaricen con el C\u00f3digo Internacional Anti-Dopaje (WADA)\u201d.<\/strong><\/p>\n<p style=\"text-align: justify;\">El 26 de octubre fue la fecha determinante. Jeffcoat dio positivo en el control, pero m\u00e1s tarde, el Comit\u00e9 Asesor M\u00e9dico de Drogas de Deportes Australianos (ASDMAC) le concedi\u00f3 la <strong>Exempci\u00f3n por Uso Terap\u00e9utico<\/strong> (TUE). \u00c9sta notificaba que <strong>la atleta requer\u00eda de este medicamento<\/strong>, pero ya era <strong>tarde<\/strong>. Adem\u00e1s, la australiana err\u00f3 al no solicitar dicha exenci\u00f3n previamente a la competici\u00f3n en la Copa Asi\u00e1tica. Por ello, despu\u00e9s de hacer una excelente actuaci\u00f3n, Jeffcat tuvo que <strong>renunciar a la clasificaci\u00f3n<\/strong>.<\/p>\n<p style=\"text-align: justify;\">Con estas actuaciones, la Federaci\u00f3n Internacional pretende <strong>seguir el C\u00f3digo de la Agencia Mundial Anti-dopaje<\/strong> y <strong>resguardar el triatl\u00f3n de las manchas por dopaje<\/strong>. Adem\u00e1s, trabaja con el objetivo de animar a los triatletas a ser conocedores de todo aquello que toman y <strong>evitar el uso de suplementos diet\u00e9ticos<\/strong>.<\/p>\n","protected":false},"excerpt":{"rendered":"<p>La triatleta australiana Emma R. Jeffcoat ha cumplido un mes de sanci\u00f3n tras dar positivo por un medicamento diur\u00e9tico sin notificar su necesidad.<\/p>\n","protected":false},"author":250,"featured_media":31770,"comment_status":"open","ping_status":"open","sticky":false,"template":"","format":"standard","meta":{"_acf_changed":false,"rank_math_lock_modified_date":false,"footnotes":""},"categories":[17,1191],"tags":[3011,3068,930,923,24],"class_list":{"0":"post-31769","1":"post","2":"type-post","3":"status-publish","4":"format-standard","5":"has-post-thumbnail","7":"category-actualidad","8":"category-triatlon","9":"tag-dopaje","10":"tag-emma-rose-jeffcoat","11":"tag-itu","12":"tag-triathlon","13":"tag-triatlon"},"acf":[],"_links":{"self":[{"href":"https:\/\/miurltemporal.com/main/triatletasenred.sport.es\/wp-json\/wp\/v2\/posts\/31769"}],"collection":[{"href":"https:\/\/miurltemporal.com/main/triatletasenred.sport.es\/wp-json\/wp\/v2\/posts"}],"about":[{"href":"https:\/\/miurltemporal.com/main/triatletasenred.sport.es\/wp-json\/wp\/v2\/types\/post"}],"author":[{"embeddable":true,"href":"https:\/\/miurltemporal.com/main/triatletasenred.sport.es\/wp-json\/wp\/v2\/users\/250"}],"replies":[{"embeddable":true,"href":"https:\/\/miurltemporal.com/main/triatletasenred.sport.es\/wp-json\/wp\/v2\/comments?post=31769"}],"version-history":[{"count":0,"href":"https:\/\/miurltemporal.com/main/triatletasenred.sport.es\/wp-json\/wp\/v2\/posts\/31769\/revisions"}],"wp:featuredmedia":[{"embeddable":true,"href":"https:\/\/miurltemporal.com/main/triatletasenred.sport.es\/wp-json\/wp\/v2\/media\/31770"}],"wp:attachment":[{"href":"https:\/\/miurltemporal.com/main/triatletasenred.sport.es\/wp-json\/wp\/v2\/media?parent=31769"}],"wp:term":[{"taxonomy":"category","embeddable":true,"href":"https:\/\/miurltemporal.com/main/triatletasenred.sport.es\/wp-json\/wp\/v2\/categories?post=31769"},{"taxonomy":"post_tag","embeddable":true,"href":"https:\/\/miurltemporal.com/main/triatletasenred.sport.es\/wp-json\/wp\/v2\/tags?post=31769"}],"curies":[{"name":"wp","href":"https:\/\/api.w.org\/{rel}","templated":true}]}}