{"id":31631,"date":"2015-01-19T23:11:53","date_gmt":"2015-01-19T21:11:53","guid":{"rendered":"http:\/\/triatletasenred.com\/?p=31631"},"modified":"2015-01-20T18:23:30","modified_gmt":"2015-01-20T16:23:30","slug":"javier-gomez-noya-abre-la-temporada-en-challenge-dubai","status":"publish","type":"post","link":"https:\/\/miurltemporal.com/main/triatletasenred.sport.es\/actualidad\/javier-gomez-noya-abre-la-temporada-en-challenge-dubai\/","title":{"rendered":"Javier G\u00f3mez Noya abre la temporada en Challenge Dubai"},"content":{"rendered":"<p style=\"text-align: justify;\">El triatleta gallego <strong>Javier G\u00f3mez Noya<\/strong> ser\u00e1 una de las estrellas que estar\u00e1n en la l\u00ednea de salida del <strong>Challenge Dubai<\/strong>\u00a0de media distancia que se disputar\u00e1 el pr\u00f3ximo <strong>27 de febrero<\/strong> en los Emiratos \u00c1rabes Unidos. Ser\u00e1 la primera competici\u00f3n de G\u00f3mez Noya, que a falta de confirmaci\u00f3n oficial declina revalidar el t\u00edtulo de campe\u00f3n del mundo Ironman 70.3. As\u00ed lo ha confirmado la franquicia Challenge en su cuenta de Twitter: &#8220;The competition just heated up even further <a class=\"link-complex\" href=\"https:\/\/twitter.com\/challenge_dubai\/\" target=\"_blank\" rel=\"user nofollow noopener\" data-user-name=\"challenge_dubai\">@<span class=\"link-complex-target\">challenge_dubai<\/span><\/a> on 27 Feb with the addition of <a class=\"link-complex\" href=\"https:\/\/twitter.com\/Jgomeznoya\/\" target=\"_blank\" rel=\"user nofollow noopener\" data-user-name=\"Jgomeznoya\">@<span class=\"link-complex-target\">Jgomeznoya<\/span><\/a> to the field! <a class=\"link-complex\" href=\"https:\/\/twitter.com\/search?q=%23WeAreTriathlon\" target=\"_blank\" rel=\"hashtag nofollow noopener\"><span class=\"hash\">#<\/span><span class=\"link-complex-target\">WeAreTriathlon<\/span><\/a>!&#8221;. El ganador de la prueba se embolsar\u00e1 un total de 65.000 d\u00f3lares.<\/p>\n<p style=\"text-align: justify;\">Entre sus principales rivales estar\u00e1n <strong>Jan Frodeno<\/strong>, segundo clasificado en el Campeonato del Mundo Ironman 70.3, <strong>Michael Raelert<\/strong>, ganador del Challenge de Bahr\u00e1in o los triatletas\u00a0<strong>Luke McKenzie, Tim Reed, Brad Kahlefeldt, \u00a0Pete Jacobs o \u00a0Terenzo Bozzone<\/strong>.<\/p>\n<p style=\"text-align: justify;\">&#8220;Tengo\u00a0muchas ganas de empezar la temporada 2015 y <strong>Challenge Dubai ser\u00e1 mi primera carrera<\/strong>. Estoy contento viendo que el triatl\u00f3n est\u00e1 creciendo en los pa\u00edses del Este. Seguro que ser\u00e1 bueno para la gente, especialmente para los ni\u00f1os, y definitivamente <strong>algo bueno para nuestro deporte<\/strong>&#8221; comentaba G\u00f3mez Noya en declaraciones recogidas por Lava Magazine. &#8220;Me gustan las carreras de media distancia y <strong>tengo muchas ganas de competir contra los mejores triatletas de esta distancia<\/strong>. Pienso que Challenge Dubai ser\u00e1 una carrera muy dura y muy r\u00e1pida por el alto nivel de los competidores&#8221; conclu\u00eda el ferrolano, que se encuentra en pleno training camp en Playitas Resort, en Fuerteventura.<\/p>\n<p style=\"text-align: justify;\">Foto: Roka Sport<\/p>\n<p style=\"text-align: justify;\"><a href=\"http:\/\/www.esportissim.com\/\" rel=\"nofollow noopener\" target=\"_blank\"><img decoding=\"async\" class=\"no-display appear\" src=\"https:\/\/dl.dropboxusercontent.com\/u\/31969244\/ATRIENRED\/esportissim.jpg\" alt=\"\" width=\"529\" height=\"58\" \/><\/a><\/p>\n","protected":false},"excerpt":{"rendered":"<p>As\u00ed lo ha confirmado la franquicia Challenge en su cuenta de Twitter. Javier G\u00f3mez Noya disputar\u00e1 la prueba de Dubai del 27 de febrero.<\/p>\n","protected":false},"author":12,"featured_media":28212,"comment_status":"open","ping_status":"open","sticky":false,"template":"","format":"standard","meta":{"_acf_changed":false,"rank_math_lock_modified_date":false,"footnotes":""},"categories":[17,19,2033,1191],"tags":[2809,3006,819],"class_list":{"0":"post-31631","1":"post","2":"type-post","3":"status-publish","4":"format-standard","5":"has-post-thumbnail","7":"category-actualidad","8":"category-competiciones","9":"category-sport","10":"category-triatlon","11":"tag-challenge-dubai","12":"tag-dubai","13":"tag-javier-gomez-noya"},"acf":[],"_links":{"self":[{"href":"https:\/\/miurltemporal.com/main/triatletasenred.sport.es\/wp-json\/wp\/v2\/posts\/31631"}],"collection":[{"href":"https:\/\/miurltemporal.com/main/triatletasenred.sport.es\/wp-json\/wp\/v2\/posts"}],"about":[{"href":"https:\/\/miurltemporal.com/main/triatletasenred.sport.es\/wp-json\/wp\/v2\/types\/post"}],"author":[{"embeddable":true,"href":"https:\/\/miurltemporal.com/main/triatletasenred.sport.es\/wp-json\/wp\/v2\/users\/12"}],"replies":[{"embeddable":true,"href":"https:\/\/miurltemporal.com/main/triatletasenred.sport.es\/wp-json\/wp\/v2\/comments?post=31631"}],"version-history":[{"count":0,"href":"https:\/\/miurltemporal.com/main/triatletasenred.sport.es\/wp-json\/wp\/v2\/posts\/31631\/revisions"}],"wp:featuredmedia":[{"embeddable":true,"href":"https:\/\/miurltemporal.com/main/triatletasenred.sport.es\/wp-json\/wp\/v2\/media\/28212"}],"wp:attachment":[{"href":"https:\/\/miurltemporal.com/main/triatletasenred.sport.es\/wp-json\/wp\/v2\/media?parent=31631"}],"wp:term":[{"taxonomy":"category","embeddable":true,"href":"https:\/\/miurltemporal.com/main/triatletasenred.sport.es\/wp-json\/wp\/v2\/categories?post=31631"},{"taxonomy":"post_tag","embeddable":true,"href":"https:\/\/miurltemporal.com/main/triatletasenred.sport.es\/wp-json\/wp\/v2\/tags?post=31631"}],"curies":[{"name":"wp","href":"https:\/\/api.w.org\/{rel}","templated":true}]}}