{"id":31627,"date":"2015-01-19T19:55:42","date_gmt":"2015-01-19T17:55:42","guid":{"rendered":"http:\/\/triatletasenred.com\/?p=31627"},"modified":"2015-01-19T19:55:42","modified_gmt":"2015-01-19T17:55:42","slug":"la-itu-prepara-el-multisport-world-championship-festival-para-2017","status":"publish","type":"post","link":"https:\/\/miurltemporal.com/main/triatletasenred.sport.es\/uncategorized\/la-itu-prepara-el-multisport-world-championship-festival-para-2017\/","title":{"rendered":"La ITU prepara el Multisport World Championship Festival para 2017"},"content":{"rendered":"<p style=\"text-align: justify;\">As\u00ed lo ha confirmado la <strong>Uni\u00f3n Internacional de Triatl\u00f3n<\/strong> en un comunicado en su p\u00e1gina web. La<strong> ITU<\/strong> prepara un espectacular despliegue para celebrar, en<strong> 2017<\/strong>, una competici\u00f3n multideportiva que englobe los campeonatos del mundo de duatl\u00f3n, acuatl\u00f3n, triatl\u00f3n cros y triatl\u00f3n de larga distancia en una misma ciudad y en un periodo de diez d\u00edas, adem\u00e1s de diversas pruebas a nivel amateur: el <strong>Multisport World Championship Festival.<\/strong> La sede se definir\u00e1 el <strong>15 de mayo<\/strong> y ya est\u00e1 abierto el periodo de presentaci\u00f3n de candidaturas, que se cerrar\u00e1 el pr\u00f3ximo 27 de marzo.<\/p>\n<p style=\"text-align: justify;\">La ITU ha presentado esta semana un ambicioso proyecto con el que busca <strong>celebrar el mayor festival multideportivo del mundo<\/strong>, y que adem\u00e1s acoja los campeonatos mundiales de diversas disciplinas triatl\u00e9ticas. &#8220;La combinaci\u00f3n de todas estas pruebas del Campeonato del Mundo en un solo festival servir\u00e1 para reforzar al triatl\u00f3n y ser\u00e1 muy atractiva para la ciudad que lo acoja porque tendr\u00e1 miles de visitantes activos&#8221; comentaba la presidenta de la ITU, la espa\u00f1ola Marisol Casado. El evento tendr\u00e1 una <strong>duraci\u00f3n de diez d\u00edas<\/strong> y se prev\u00e9 que acudan un total de 3.000 deportistas entre \u00e9lites y grupos de edad. La ciudad ganadora ser\u00e1 anunciada el pr\u00f3ximo 15 de mayo y acoger\u00e1 uno de los eventos m\u00e1s potentes del panorama triatl\u00e9tico mundial.<\/p>\n<p style=\"text-align: justify;\">Foto: ITU<\/p>\n","protected":false},"excerpt":{"rendered":"<p>La ITU ha anunciado esta semana la puesta en marcha de un festival multideportivo que acoja los campeonatos mundiales de diversas disciplinas triatl\u00e9ticas.<\/p>\n","protected":false},"author":6,"featured_media":30813,"comment_status":"open","ping_status":"open","sticky":false,"template":"","format":"standard","meta":{"_acf_changed":false,"rank_math_lock_modified_date":false,"footnotes":""},"categories":[1],"tags":[930,923,24],"class_list":{"0":"post-31627","1":"post","2":"type-post","3":"status-publish","4":"format-standard","5":"has-post-thumbnail","7":"category-uncategorized","8":"tag-itu","9":"tag-triathlon","10":"tag-triatlon"},"acf":[],"_links":{"self":[{"href":"https:\/\/miurltemporal.com/main/triatletasenred.sport.es\/wp-json\/wp\/v2\/posts\/31627"}],"collection":[{"href":"https:\/\/miurltemporal.com/main/triatletasenred.sport.es\/wp-json\/wp\/v2\/posts"}],"about":[{"href":"https:\/\/miurltemporal.com/main/triatletasenred.sport.es\/wp-json\/wp\/v2\/types\/post"}],"author":[{"embeddable":true,"href":"https:\/\/miurltemporal.com/main/triatletasenred.sport.es\/wp-json\/wp\/v2\/users\/6"}],"replies":[{"embeddable":true,"href":"https:\/\/miurltemporal.com/main/triatletasenred.sport.es\/wp-json\/wp\/v2\/comments?post=31627"}],"version-history":[{"count":0,"href":"https:\/\/miurltemporal.com/main/triatletasenred.sport.es\/wp-json\/wp\/v2\/posts\/31627\/revisions"}],"wp:featuredmedia":[{"embeddable":true,"href":"https:\/\/miurltemporal.com/main/triatletasenred.sport.es\/wp-json\/wp\/v2\/media\/30813"}],"wp:attachment":[{"href":"https:\/\/miurltemporal.com/main/triatletasenred.sport.es\/wp-json\/wp\/v2\/media?parent=31627"}],"wp:term":[{"taxonomy":"category","embeddable":true,"href":"https:\/\/miurltemporal.com/main/triatletasenred.sport.es\/wp-json\/wp\/v2\/categories?post=31627"},{"taxonomy":"post_tag","embeddable":true,"href":"https:\/\/miurltemporal.com/main/triatletasenred.sport.es\/wp-json\/wp\/v2\/tags?post=31627"}],"curies":[{"name":"wp","href":"https:\/\/api.w.org\/{rel}","templated":true}]}}