{"id":31439,"date":"2015-01-13T08:00:55","date_gmt":"2015-01-13T06:00:55","guid":{"rendered":"http:\/\/triatletasenred.com\/?p=31439"},"modified":"2015-01-13T01:27:58","modified_gmt":"2015-01-12T23:27:58","slug":"soria-sera-sede-del-campeonato-de-espana-de-duatlon","status":"publish","type":"post","link":"https:\/\/miurltemporal.com/main/triatletasenred.sport.es\/actualidad\/soria-sera-sede-del-campeonato-de-espana-de-duatlon\/","title":{"rendered":"Soria ser\u00e1 sede del Campeonato de Espa\u00f1a de Duatl\u00f3n"},"content":{"rendered":"<h3 style=\"text-align: justify;\">La localidad\u00a0de Soria acoger\u00e1 el Campeonato de Espa\u00f1a de Duatl\u00f3n 2015. La cita tendr\u00e1 lugar el fin de semana del 11 y 12 de abril, siendo \u00e9sta la segunda vez que la ciudad acoge la prueba tras hacerlo con \u00e9xito en 2011. Soria coge el relevo de Avil\u00e9s en la organizaci\u00f3n de la prueba.<\/h3>\n<p style=\"text-align: justify;\">La <strong>Federaci\u00f3n Espa\u00f1ola de Triatl\u00f3n<\/strong> ha anunciado este lunes la localidad de <strong>Soria<\/strong> como \u00a0<strong>sede del Campeonato de Espa\u00f1a de Duatl\u00f3n 2015<\/strong>. Se trata de la segunda vez que organiza la prueba, tras hacerlo en 2011. Soria acoger\u00e1 a cerca de <strong>1.500 triatletas<\/strong> para la celebraci\u00f3n de una de las competiciones m\u00e1s importantes del calendario, que se celebrar\u00e1 entre el <strong>11 y 12 de abril de 2015<\/strong>. Miriam Casillas y David Castro son actualmente los vigentes campeones de la competici\u00f3n en categor\u00eda \u00e9lite.<\/p>\n<p style=\"text-align: justify;\">El pr\u00f3ximo <strong>11 de abril<\/strong> ser\u00e1 turno de las categor\u00edas <strong>\u00e9lite, junior y cadete masculino y femenino, adem\u00e1s del paratriatl\u00f3n<\/strong>. Los duatletas recorrer\u00e1n 5 kil\u00f3metros de carrera a pie, seguidos de 20 kil\u00f3metros de ciclismo y 2,5 de carrera a pie para finalizar la prueba. El <strong>12 de abril<\/strong> ser\u00e1 el turno para los<strong> grupos de edad,<\/strong> que disputar\u00e1n la competici\u00f3n en distancia sprint o distancia corta. En 2011 la prueba tambi\u00e9n se celebr\u00f3 en Soria y los ganadores fueron Emilio Mart\u00edn en categor\u00eda masculina y Ana Burgos en categor\u00eda femenina.<\/p>\n<p style=\"text-align: justify;\">Foto: multimedia LNE<\/p>\n","protected":false},"excerpt":{"rendered":"<p>La localidad de Soria acoger\u00e1 el fin de semana del 11 y 12 de abril el Campeonato de Espa\u00f1a de Duatl\u00f3n. Es la segunda vez que Soria organiza la prueba.<\/p>\n","protected":false},"author":6,"featured_media":31446,"comment_status":"open","ping_status":"open","sticky":false,"template":"","format":"standard","meta":{"_acf_changed":false,"rank_math_lock_modified_date":false,"footnotes":""},"categories":[17,19],"tags":[1988,2958,565,3005],"class_list":{"0":"post-31439","1":"post","2":"type-post","3":"status-publish","4":"format-standard","5":"has-post-thumbnail","7":"category-actualidad","10":"tag-federacion-espanola-de-triatlon","11":"tag-fetri","12":"tag-soria"},"acf":[],"_links":{"self":[{"href":"https:\/\/miurltemporal.com/main/triatletasenred.sport.es\/wp-json\/wp\/v2\/posts\/31439"}],"collection":[{"href":"https:\/\/miurltemporal.com/main/triatletasenred.sport.es\/wp-json\/wp\/v2\/posts"}],"about":[{"href":"https:\/\/miurltemporal.com/main/triatletasenred.sport.es\/wp-json\/wp\/v2\/types\/post"}],"author":[{"embeddable":true,"href":"https:\/\/miurltemporal.com/main/triatletasenred.sport.es\/wp-json\/wp\/v2\/users\/6"}],"replies":[{"embeddable":true,"href":"https:\/\/miurltemporal.com/main/triatletasenred.sport.es\/wp-json\/wp\/v2\/comments?post=31439"}],"version-history":[{"count":0,"href":"https:\/\/miurltemporal.com/main/triatletasenred.sport.es\/wp-json\/wp\/v2\/posts\/31439\/revisions"}],"wp:featuredmedia":[{"embeddable":true,"href":"https:\/\/miurltemporal.com/main/triatletasenred.sport.es\/wp-json\/wp\/v2\/media\/31446"}],"wp:attachment":[{"href":"https:\/\/miurltemporal.com/main/triatletasenred.sport.es\/wp-json\/wp\/v2\/media?parent=31439"}],"wp:term":[{"taxonomy":"category","embeddable":true,"href":"https:\/\/miurltemporal.com/main/triatletasenred.sport.es\/wp-json\/wp\/v2\/categories?post=31439"},{"taxonomy":"post_tag","embeddable":true,"href":"https:\/\/miurltemporal.com/main/triatletasenred.sport.es\/wp-json\/wp\/v2\/tags?post=31439"}],"curies":[{"name":"wp","href":"https:\/\/api.w.org\/{rel}","templated":true}]}}