{"id":31384,"date":"2015-01-12T13:23:16","date_gmt":"2015-01-12T11:23:16","guid":{"rendered":"http:\/\/triatletasenred.com\/?p=31384"},"modified":"2015-01-12T13:24:43","modified_gmt":"2015-01-12T11:24:43","slug":"camilla-pedersen-personalidad-deportiva-del-ano-en-dinamarca","status":"publish","type":"post","link":"https:\/\/miurltemporal.com/main/triatletasenred.sport.es\/actualidad\/camilla-pedersen-personalidad-deportiva-del-ano-en-dinamarca\/","title":{"rendered":"Camilla Pedersen, personalidad deportiva del a\u00f1o en Dinamarca"},"content":{"rendered":"<p style=\"text-align: justify;\">La triatleta danesa <strong>Camilla Pedersen<\/strong> ha sido condecorada como <strong>personalidad deportiva del a\u00f1o en Dinamarca<\/strong> en 2014. Su temporada ha estado marcada por una fant\u00e1stica vuelta a la competici\u00f3n despu\u00e9s de pasar un mes en\u00a0coma. Pedersen sufri\u00f3 un accidente en bicicleta antes del Ironman de Hawai 2013 que la dej\u00f3 fuera de la competici\u00f3n. Tras una larga recuperaci\u00f3n, volvi\u00f3 a competir con victoria en el Challenge de Fuerteventura, para posteriormente imponerse tambi\u00e9n en el Ironman 70.3 de Barcelona o acabar segunda en el Ironman de Barcelona. Pero sin duda su mejor resultado lo tuvo en competici\u00f3n ITU, alz\u00e1ndose con el t\u00edtulo de<strong> campeona del mundo de larga distancia en China<\/strong>.<\/p>\n<p style=\"text-align: justify;\">Al recoger el premio Pedersen afirm\u00f3 que &#8220;<strong>los \u00faltimos 16 meses fueron los momentos m\u00e1s duros de mi vida<\/strong> para volver al deporte que amo&#8221; y agradeci\u00f3 el apoyo de su familia, amigos, patrocinadores, entrenador ya toda la gente que le ha apoyado. &#8220;Este premio es para vosotros&#8221; conclu\u00eda Pedersen. Lo que no se esperaba la danesa era recibir el <strong>BT Guld award<\/strong>, un premio en el que votaban 40 deportistas de Dinamarca. &#8220;Gracias a todos los que me hab\u00e9is votado. Sin vosotros no habr\u00eda llegado tan lejos&#8221; dec\u00eda Pedersen en la gala.<\/p>\n<p style=\"text-align: justify;\"><strong>Camilla Pedersen ha mostrado c\u00f3mo superarse<\/strong> y volver a competir al m\u00e1ximo nivel tras un coma. Ahora volver\u00e1 a centrarse para disputar\u00a0el Ironman de Haw\u00e1i en 2015. Camilla, la mujer de la eterna sonrisa, ha sido premiada como <strong>personalidad deportiva del a\u00f1o<\/strong> en su pa\u00eds y ya entrena pensando en la pr\u00f3xima temporada.<\/p>\n<p style=\"text-align: justify;\">Foto: ETU<\/p>\n","protected":false},"excerpt":{"rendered":"<p>La triatleta danesa Camilla Pedersen ha sido premiada en Dinamarca por su excelente recuperaci\u00f3n tras pasar un periodo de tiempo en coma.<\/p>\n","protected":false},"author":6,"featured_media":31417,"comment_status":"open","ping_status":"open","sticky":false,"template":"","format":"standard","meta":{"_acf_changed":false,"rank_math_lock_modified_date":false,"footnotes":""},"categories":[17,1191],"tags":[2504,218,404,2090],"class_list":{"0":"post-31384","1":"post","2":"type-post","3":"status-publish","4":"format-standard","5":"has-post-thumbnail","7":"category-actualidad","8":"category-triatlon","9":"tag-camilla-pedersen","10":"tag-im","11":"tag-ironman","12":"tag-pedersen"},"acf":[],"_links":{"self":[{"href":"https:\/\/miurltemporal.com/main/triatletasenred.sport.es\/wp-json\/wp\/v2\/posts\/31384"}],"collection":[{"href":"https:\/\/miurltemporal.com/main/triatletasenred.sport.es\/wp-json\/wp\/v2\/posts"}],"about":[{"href":"https:\/\/miurltemporal.com/main/triatletasenred.sport.es\/wp-json\/wp\/v2\/types\/post"}],"author":[{"embeddable":true,"href":"https:\/\/miurltemporal.com/main/triatletasenred.sport.es\/wp-json\/wp\/v2\/users\/6"}],"replies":[{"embeddable":true,"href":"https:\/\/miurltemporal.com/main/triatletasenred.sport.es\/wp-json\/wp\/v2\/comments?post=31384"}],"version-history":[{"count":0,"href":"https:\/\/miurltemporal.com/main/triatletasenred.sport.es\/wp-json\/wp\/v2\/posts\/31384\/revisions"}],"wp:featuredmedia":[{"embeddable":true,"href":"https:\/\/miurltemporal.com/main/triatletasenred.sport.es\/wp-json\/wp\/v2\/media\/31417"}],"wp:attachment":[{"href":"https:\/\/miurltemporal.com/main/triatletasenred.sport.es\/wp-json\/wp\/v2\/media?parent=31384"}],"wp:term":[{"taxonomy":"category","embeddable":true,"href":"https:\/\/miurltemporal.com/main/triatletasenred.sport.es\/wp-json\/wp\/v2\/categories?post=31384"},{"taxonomy":"post_tag","embeddable":true,"href":"https:\/\/miurltemporal.com/main/triatletasenred.sport.es\/wp-json\/wp\/v2\/tags?post=31384"}],"curies":[{"name":"wp","href":"https:\/\/api.w.org\/{rel}","templated":true}]}}