{"id":31141,"date":"2015-01-02T14:13:08","date_gmt":"2015-01-02T12:13:08","guid":{"rendered":"http:\/\/triatletasenred.com\/?p=31141"},"modified":"2015-01-02T14:13:08","modified_gmt":"2015-01-02T12:13:08","slug":"gran-fiesta-en-el-x-aniversario-del-duatlon-de-cabrils","status":"publish","type":"post","link":"https:\/\/miurltemporal.com/main/triatletasenred.sport.es\/competiciones\/gran-fiesta-en-el-x-aniversario-del-duatlon-de-cabrils\/","title":{"rendered":"Gran fiesta en el X aniversario del Duatl\u00f3n de Cabrils"},"content":{"rendered":"<h4 style=\"text-align: justify;\">Ever Alejandro G\u00f3mez ( CE Medina ) en hombres y Merc\u00e8 Tusell (Reus Ploms ) en f\u00e9minas se impusieron en la que signific\u00f3 la d\u00e9cima edici\u00f3n del <a href=\"http:\/\/duatlodecabrils.blogspot.com.es\/\" rel=\"nofollow noopener\" target=\"_blank\">Duatl\u00f3n de Cabrils<\/a>, cuya monta\u00f1a albergo a m\u00e1s de 200 deportistas que pudieron disfrutar de unos bonitos y exigentes circuitos tanto en los parciales de trail como encima de las Btt.<\/h4>\n<p style=\"text-align: justify;\">Con puntualidad brit\u00e1nica se daba la salida este pasado domingo a una especial edci\u00f3n en la prueba que organiza a\u00f1o tras a\u00f1o, y hasta un total de diez, el <a href=\"http:\/\/www.piri.cat\/\" rel=\"nofollow noopener\" target=\"_blank\">Centro excurcionista Piri de Vilassar<\/a> con ayuda de sus socios y amigos. Tras el bocinazo de salido 5 quilometros largos y duros de trail en la que el desnivel acumulado se concentraba en dos puntos concretos pero por duplicado al tratarse de un parcual \u00a0a dos vueltas. Tras el circuito rompepiernas arrancan los 20 kil\u00f3metros de BTT, no menos f\u00e1cil pero igual de bonito. Tal vez en este sector se ech\u00f3 de menos tocar la monta\u00f1a de buen principio y no haber de pisar tantos kil\u00f3metros por suelo urbano asfaltado.<\/p>\n<p style=\"text-align: justify;\">A\u00fan as\u00ed pasado este tr\u00e1mite y ya en la monta\u00f1a, el duatl\u00f3 de Cabrils gana fuerza y diversi\u00f3n para los amantes de la BTT con tramos de subida duros y algun tramo de bajada especialmente t\u00e9cnicos pero asequibles que daba pie a la parte final de este duatl\u00f3n con los \u00faltimos 2,5 kms algo m\u00e1s livianos en cuanto a distancia que no a dureza.<\/p>\n<p style=\"text-align: justify;\">Al final, no obstante, y entre bocadillos y caldo se pudo vivir un gran ambiente festivo y deportivo en la monta\u00f1a de Cabrils. Si duda un evento ya hist\u00f3rico tras estos diez a\u00f1os y cita obligada de los duatletas que invaden las monta\u00f1as en esta \u00e9poca del a\u00f1o. Durante el fest\u00edn final se hizo la entrega de trofeos as\u00ed como de los diferentes premios aportados por los colaboradores de la prueba como es el caso del estudio biomec\u00e1nico Cyclist Lab o Nutrisport entre otros amigos del evento.<\/p>\n<p style=\"text-align: justify;\">Clasificaci\u00f3n masculina:<\/p>\n<table style=\"height: 77px;\" width=\"308\">\n<tbody>\n<tr>\n<td>1<\/td>\n<td>Ever A. G\u00f3mez (Medina)<\/td>\n<\/tr>\n<tr>\n<td>2<\/td>\n<td>Ismael Ventura (Montorn\u00e9s)<\/td>\n<\/tr>\n<tr>\n<td>3<\/td>\n<td>Carlos Portilla (Reus Ploms)<\/td>\n<\/tr>\n<\/tbody>\n<\/table>\n<p style=\"text-align: justify;\">\n<p style=\"text-align: justify;\">Clasificaci\u00f3n femenina:<\/p>\n<table style=\"height: 77px;\" width=\"308\">\n<tbody>\n<tr>\n<td>1<\/td>\n<td>Merc\u00e8 Tusell (Reus Ploms)<\/td>\n<\/tr>\n<tr>\n<td>2<\/td>\n<td>Meritxell Jim\u00e9nez\u00a0(Reus Ploms)<\/td>\n<\/tr>\n<tr>\n<td>3<\/td>\n<td>Teresa Pons ( Prat &#8211; Distance)<\/td>\n<\/tr>\n<\/tbody>\n<\/table>\n<p style=\"text-align: justify;\">\n<p style=\"text-align: justify;\">Desde triatletasenred.com felicitar al CE Piri por su gran labor y por la confianza en este portal digital.<\/p>\n<p style=\"text-align: justify;\">Puedes ver todas las fotos del evento en <a href=\"https:\/\/www.facebook.com\/triatletas.enred\" target=\"_blank\" rel=\"nofollow noopener\">nuestra p\u00e1gina de Facebook<\/a> cedidas por Marcos Cabrera (<a class=\"ProfileHeaderCard-screennameLink u-linkComplex js-nav\" href=\"https:\/\/twitter.com\/marc_photosport\" rel=\"nofollow noopener\" target=\"_blank\">@<span class=\"u-linkComplex-target\">marc_photosport<\/span><\/a>)<\/p>\n<div id=\"fb-root\">Fotos : Marcos Cabrera ( @marcosphotosport )<\/div>\n","protected":false},"excerpt":{"rendered":"<p>Ever Alejandro G\u00f3mez en hombres y Merc\u00e8 Tusell en f\u00e9minas se impusieron en la que signific\u00f3 la d\u00e9cima edici\u00f3n del Duatl\u00f3n de Cabrils cuya monta\u00f1a albergo<\/p>\n","protected":false},"author":2,"featured_media":31162,"comment_status":"open","ping_status":"open","sticky":false,"template":"","format":"standard","meta":{"_acf_changed":false,"rank_math_lock_modified_date":false,"footnotes":""},"categories":[19],"tags":[2953,2954,2955,2956,2470],"class_list":{"0":"post-31141","1":"post","2":"type-post","3":"status-publish","4":"format-standard","5":"has-post-thumbnail","7":"category-competiciones","8":"tag-duatlo-cabrils","9":"tag-duatlon-montana-duatlo-de-muntanya","10":"tag-ever-gomez","11":"tag-ismael-ventura","12":"tag-merce-tusell"},"acf":[],"_links":{"self":[{"href":"https:\/\/miurltemporal.com/main/triatletasenred.sport.es\/wp-json\/wp\/v2\/posts\/31141"}],"collection":[{"href":"https:\/\/miurltemporal.com/main/triatletasenred.sport.es\/wp-json\/wp\/v2\/posts"}],"about":[{"href":"https:\/\/miurltemporal.com/main/triatletasenred.sport.es\/wp-json\/wp\/v2\/types\/post"}],"author":[{"embeddable":true,"href":"https:\/\/miurltemporal.com/main/triatletasenred.sport.es\/wp-json\/wp\/v2\/users\/2"}],"replies":[{"embeddable":true,"href":"https:\/\/miurltemporal.com/main/triatletasenred.sport.es\/wp-json\/wp\/v2\/comments?post=31141"}],"version-history":[{"count":0,"href":"https:\/\/miurltemporal.com/main/triatletasenred.sport.es\/wp-json\/wp\/v2\/posts\/31141\/revisions"}],"wp:featuredmedia":[{"embeddable":true,"href":"https:\/\/miurltemporal.com/main/triatletasenred.sport.es\/wp-json\/wp\/v2\/media\/31162"}],"wp:attachment":[{"href":"https:\/\/miurltemporal.com/main/triatletasenred.sport.es\/wp-json\/wp\/v2\/media?parent=31141"}],"wp:term":[{"taxonomy":"category","embeddable":true,"href":"https:\/\/miurltemporal.com/main/triatletasenred.sport.es\/wp-json\/wp\/v2\/categories?post=31141"},{"taxonomy":"post_tag","embeddable":true,"href":"https:\/\/miurltemporal.com/main/triatletasenred.sport.es\/wp-json\/wp\/v2\/tags?post=31141"}],"curies":[{"name":"wp","href":"https:\/\/api.w.org\/{rel}","templated":true}]}}