{"id":31122,"date":"2014-12-30T13:27:03","date_gmt":"2014-12-30T11:27:03","guid":{"rendered":"http:\/\/triatletasenred.com\/?p=31122"},"modified":"2016-03-08T15:14:52","modified_gmt":"2016-03-08T13:14:52","slug":"mario-mola-al-asalto-del-trono-mundial","status":"publish","type":"post","link":"https:\/\/miurltemporal.com/main/triatletasenred.sport.es\/actualidad\/mario-mola-al-asalto-del-trono-mundial\/","title":{"rendered":"Mario Mola, al asalto del trono mundial"},"content":{"rendered":"<p style=\"text-align: justify;\"><strong>Temporada redonda. Mario Mola no puede estar m\u00e1s contento despu\u00e9s de un a\u00f1o donde los resultados le han acompa\u00f1ado. Ha estado presente\u00a0en todas las Series Mundiales e incluso con victoria en la de Londres, solo G\u00f3mez Noya le super\u00f3 en la general. Optimista y ambicioso, pero consciente de la dificultad que conlleva, el mallorqu\u00edn quiere el t\u00edtulo mundial en 2015.<\/strong><\/p>\n<p style=\"text-align: justify;\"><strong>Satisfacci\u00f3n absoluta<\/strong>. Es la sensaci\u00f3n que desprende y que \u00e9l mismo confiesa a pocas horas de cerrar el a\u00f1o. Satisfacci\u00f3n por una temporada dura y larga que, afortunadamente, se ha visto reflejada con resultados espectaculares. \u201cNunca es f\u00e1cil ganar y cuando consigues tantos puntos dan ganas de seguir trabajando. Cuando las cosas salen bien, hay motivaci\u00f3n para seguir\u201d. As\u00ed refleja su situaci\u00f3n <strong>Mario Mola<\/strong>, subcampe\u00f3n del mundo de triatl\u00f3n, que super\u00f3 a los hermanos Brownlee y solo qued\u00f3 por detr\u00e1s de\u00a0<strong>Javier G\u00f3mez Noya<\/strong>. &#8220;Siempre hay que aspirar a lo m\u00e1ximo, pero Javi ha estado estratosf\u00e9rico&#8221;.<\/p>\n<p style=\"text-align: justify;\">El mallorqu\u00edn prepar\u00f3 a conciencia las primeras competiciones pero para ello tuvo que estar muchos meses lejos de los suyos. &#8220;Para 2015 el\u00a0calendario est\u00e1 m\u00e1s pensado\u00a0para el\u00a0deportista por desplazamientos, pero son muchas carreras&#8221;. Primero en Christchurch y despu\u00e9s en Wanaka, Mola entren\u00f3 duro en <strong>Nueva Zelanda<\/strong> hasta el arranque de las competiciones, en marzo, con victorias en las Copas del Mundo de Mooloolaba y New Plymouth. Dos semanas despu\u00e9s la primera Serie Mundial, en <strong>Auckland<\/strong>, que terminar\u00eda en 8\u00ba posici\u00f3n. Quien le hubiera dicho por entonces que esa clasificaci\u00f3n supondr\u00eda su segundo peor resultado de toda la temporada.<\/p>\n<p style=\"text-align: justify;\">Mola, con las Series Mundiales entre ceja y ceja, fue mejorando resultados gradualmente. Primero, en <strong>Ciudad del Cabo<\/strong>, roz\u00f3 el podio con una cuarta plaza mientras que en <strong>Yokohama <\/strong>libr\u00f3 una <strong>bonita batalla<\/strong> en la carrera a pie con G\u00f3mez Noya que se decant\u00f3 del lado del gallego. Fue quiz\u00e1s una de las m\u00e1s emocionantes llegadas que se recuerdan en las Series Mundiales. Entre parada y parada, Mola particip\u00f3 en la carrera solidaria de Barcelona \u201cWings for Life\u201d, donde consigui\u00f3 completar 25 kil\u00f3metros.<\/p>\n<p style=\"text-align: justify;\">La siguiente Serie Mundial era <strong>Londres<\/strong>, una de las m\u00e1s bonitas y sobre distancia sprint. Y ah\u00ed, Mola dio un pu\u00f1etazo encima de la mesa consiguiendo <strong>la victoria<\/strong>. Lejos de confiarse, el resultado le dio a\u00fan m\u00e1s motivaci\u00f3n. En Chicago termin\u00f3 tercero y en Hamburgo, noveno. La clasificaci\u00f3n pintaba bien a falta de dos pruebas, que Mola prepar\u00f3 en altura durante varias semanas. &#8220;Al final, si luchas por el Mundial te acabas guiando por un resultado&#8221;.<\/p>\n<p style=\"text-align: justify;\">Primero <strong>Estocolmo<\/strong>, una <strong>carrera dura<\/strong> con fr\u00edo, lluvia y pav\u00e9s que el mallorqu\u00edn termin\u00f3 en una buena cuarta posici\u00f3n. &#8220;No pensaba acudir a algunas carreras como la de Estocolmo, pero ten\u00eda que mejorar un mal resultado si quer\u00eda aspirar al t\u00edtulo&#8221;.\u00a0Con todo ello, Mola llegaba a <strong>Edmonton<\/strong> con <strong>opciones de llevarse el t\u00edtulo<\/strong> o, como m\u00ednimo, de mejorar la tercera plaza de 2013. Una lucha de t\u00fa a t\u00fa entre G\u00f3mez Noya, Jonathan Brownlee y el mallorqu\u00edn que acab\u00f3 llev\u00e1ndose el primero. La segunda plaza de Mola le otorg\u00f3 el <strong>subcampeonato final<\/strong>, superando al peque\u00f1o de los Bronwlee.<\/p>\n<p style=\"text-align: justify;\">Entre tanta carrera de alt\u00edsimo nivel, Mario Mola a\u00fan tuvo tiempo de ayudar al equipo franc\u00e9s del Sartrouville a proclamarse campe\u00f3n por clubes, adem\u00e1s de cerrar el a\u00f1o con el triatl\u00f3n de Beijing (cuarto) y el <strong>Garmin Barcelona<\/strong> (segundo).<\/p>\n<p style=\"text-align: justify;\">Un 2014 brillante ha provocado que Mario Mola ponga el list\u00f3n muy alto. Aunque le sobra ambici\u00f3n y ganas, es fundamental ir poco a poco, ya que \u201ces complicado prever como estar\u00e1s a mitad de a\u00f1o\u201d. El de Calvi\u00e0 ya ha sumado los primeros entrenamientos de la temporada en Portugal junto al grupo de Joel Fillol. &#8220;Estamos sumando kil\u00f3metros, aunque el objetivo es ir introduciendo calidad a las sesiones&#8221;. Como cualquier otra persona, el mallorqu\u00edn tambi\u00e9n se marca sus prop\u00f3sitos de a\u00f1o nuevo: \u201cQuiero luchar por disputar el Mundial 2015 con Javi y con todos los dem\u00e1s. Siempre hay que aspirar a lo m\u00e1ximo\u201d. Y a\u00f1ade algo b\u00e1sico: \u201cY, claro, tambi\u00e9n <strong>pido salud<\/strong>\u201d. \u00a1A por ello, Mario!<\/p>\n<p>Foto: ITU<\/p>\n","protected":false},"excerpt":{"rendered":"<p>Cierra un 2014 espectacular, mejorando el a\u00f1o anterior. Mario Mola ha demostrado este a\u00f1o su enorme talento y trabajo. Firme candidato al t\u00edtulo en 2015.<\/p>\n","protected":false},"author":23,"featured_media":31125,"comment_status":"open","ping_status":"open","sticky":false,"template":"","format":"standard","meta":{"_acf_changed":false,"rank_math_lock_modified_date":false,"footnotes":""},"categories":[17,1191],"tags":[930,893,607,2892,24,2004],"class_list":{"0":"post-31122","1":"post","2":"type-post","3":"status-publish","4":"format-standard","5":"has-post-thumbnail","7":"category-actualidad","8":"category-triatlon","9":"tag-itu","10":"tag-mario-mola","11":"tag-mola","12":"tag-monografico-triatlon","13":"tag-triatlon","14":"tag-world-triathlon-series-mundiales"},"acf":[],"_links":{"self":[{"href":"https:\/\/miurltemporal.com/main/triatletasenred.sport.es\/wp-json\/wp\/v2\/posts\/31122"}],"collection":[{"href":"https:\/\/miurltemporal.com/main/triatletasenred.sport.es\/wp-json\/wp\/v2\/posts"}],"about":[{"href":"https:\/\/miurltemporal.com/main/triatletasenred.sport.es\/wp-json\/wp\/v2\/types\/post"}],"author":[{"embeddable":true,"href":"https:\/\/miurltemporal.com/main/triatletasenred.sport.es\/wp-json\/wp\/v2\/users\/23"}],"replies":[{"embeddable":true,"href":"https:\/\/miurltemporal.com/main/triatletasenred.sport.es\/wp-json\/wp\/v2\/comments?post=31122"}],"version-history":[{"count":0,"href":"https:\/\/miurltemporal.com/main/triatletasenred.sport.es\/wp-json\/wp\/v2\/posts\/31122\/revisions"}],"wp:featuredmedia":[{"embeddable":true,"href":"https:\/\/miurltemporal.com/main/triatletasenred.sport.es\/wp-json\/wp\/v2\/media\/31125"}],"wp:attachment":[{"href":"https:\/\/miurltemporal.com/main/triatletasenred.sport.es\/wp-json\/wp\/v2\/media?parent=31122"}],"wp:term":[{"taxonomy":"category","embeddable":true,"href":"https:\/\/miurltemporal.com/main/triatletasenred.sport.es\/wp-json\/wp\/v2\/categories?post=31122"},{"taxonomy":"post_tag","embeddable":true,"href":"https:\/\/miurltemporal.com/main/triatletasenred.sport.es\/wp-json\/wp\/v2\/tags?post=31122"}],"curies":[{"name":"wp","href":"https:\/\/api.w.org\/{rel}","templated":true}]}}