{"id":31093,"date":"2015-01-05T12:59:54","date_gmt":"2015-01-05T10:59:54","guid":{"rendered":"http:\/\/triatletasenred.com\/?p=31093"},"modified":"2015-01-14T09:11:48","modified_gmt":"2015-01-14T07:11:48","slug":"javier-gomez-noya-vuelve-a-canarias","status":"publish","type":"post","link":"https:\/\/miurltemporal.com/main/triatletasenred.sport.es\/actualidad\/javier-gomez-noya-vuelve-a-canarias\/","title":{"rendered":"Javier G\u00f3mez Noya vuelve a Canarias"},"content":{"rendered":"<h3 style=\"text-align: justify;\">Tras pasar las vacaciones de Navidad en Pontevedra, Javier G\u00f3mez Noya vuelve a desplazarse a Canarias para seguir con la pretemporada. Lo hace acompa\u00f1ado de un grupo numeroso, que tendr\u00e1 entradas y salidas durante el a\u00f1o. Al mando, el entrenador gallego Carlos David Prieto. Playitas Resort ser\u00e1 el lugar donde residan y completen parte de los entrenamientos.<\/h3>\n<p style=\"text-align: justify;\">Vuelta a la carga. <strong>Javier G\u00f3mez Noya<\/strong> se ha desplazado ya a Fuerteventura para seguir sumando entrenamientos de pretemporada antes de debutar este 2015. Todav\u00eda no tiene claro el lugar donde debutar pero eso no cambia su preparaci\u00f3n. Durante las pr\u00f3ximas seis semanas entrenar\u00e1 en <strong>Playitas Resort<\/strong> para preparar una temporada cuyo objetivo son los <strong>Juegos Ol\u00edmpicos y las Series Mundiales<\/strong>. El gallego se siente atra\u00eddo por las novedades de Challenge en los pa\u00edses \u00e1rabes y no descarta competir all\u00ed a pesar de que tiene el Campeonato del Mundo Ironman 70.3 en agosto. Decidir\u00e1 durante la primera o segunda semana de enero su <strong>calendario 2015<\/strong>.<\/p>\n<p style=\"text-align: justify;\">Entre los integrantes del grupo de Javier G\u00f3mez Noya est\u00e1n los gallegos <strong>Pablo Dapena y Ux\u00edo Abuin<\/strong>,\u00a0el noruego <strong>Jorgen Gundersen<\/strong>, el mexicano <strong>Crisanto Grajales<\/strong>, la neozelandesa <strong>Anneke Jenkins<\/strong> y la polaca <strong>Maria Czesnik<\/strong>. A esta concentraci\u00f3n se le unen <strong>Vicente Hern\u00e1ndez y Tamara G\u00f3mez<\/strong>, que a lo largo del a\u00f1o compartir\u00e1n entrenamientos con el campe\u00f3n del mundo. Se trata de un grupo m\u00e1s numeroso que el del a\u00f1o pasado.<\/p>\n<p style=\"text-align: justify;\">Foto:\u00a0ITU Media<\/p>\n","protected":false},"excerpt":{"rendered":"<p>El triatleta gallego ha volado a Fuerteventura para preparar la temporada 2015 tras pasar las vacaciones de Navidad en Pontevedra. G\u00f3mez Noya ya entrena.<\/p>\n","protected":false},"author":12,"featured_media":30702,"comment_status":"open","ping_status":"open","sticky":false,"template":"","format":"standard","meta":{"_acf_changed":false,"rank_math_lock_modified_date":false,"footnotes":""},"categories":[17,1191],"tags":[819,2932],"class_list":{"0":"post-31093","1":"post","2":"type-post","3":"status-publish","4":"format-standard","5":"has-post-thumbnail","7":"category-actualidad","8":"category-triatlon","9":"tag-javier-gomez-noya","10":"tag-playitas-resort"},"acf":[],"_links":{"self":[{"href":"https:\/\/miurltemporal.com/main/triatletasenred.sport.es\/wp-json\/wp\/v2\/posts\/31093"}],"collection":[{"href":"https:\/\/miurltemporal.com/main/triatletasenred.sport.es\/wp-json\/wp\/v2\/posts"}],"about":[{"href":"https:\/\/miurltemporal.com/main/triatletasenred.sport.es\/wp-json\/wp\/v2\/types\/post"}],"author":[{"embeddable":true,"href":"https:\/\/miurltemporal.com/main/triatletasenred.sport.es\/wp-json\/wp\/v2\/users\/12"}],"replies":[{"embeddable":true,"href":"https:\/\/miurltemporal.com/main/triatletasenred.sport.es\/wp-json\/wp\/v2\/comments?post=31093"}],"version-history":[{"count":0,"href":"https:\/\/miurltemporal.com/main/triatletasenred.sport.es\/wp-json\/wp\/v2\/posts\/31093\/revisions"}],"wp:featuredmedia":[{"embeddable":true,"href":"https:\/\/miurltemporal.com/main/triatletasenred.sport.es\/wp-json\/wp\/v2\/media\/30702"}],"wp:attachment":[{"href":"https:\/\/miurltemporal.com/main/triatletasenred.sport.es\/wp-json\/wp\/v2\/media?parent=31093"}],"wp:term":[{"taxonomy":"category","embeddable":true,"href":"https:\/\/miurltemporal.com/main/triatletasenred.sport.es\/wp-json\/wp\/v2\/categories?post=31093"},{"taxonomy":"post_tag","embeddable":true,"href":"https:\/\/miurltemporal.com/main/triatletasenred.sport.es\/wp-json\/wp\/v2\/tags?post=31093"}],"curies":[{"name":"wp","href":"https:\/\/api.w.org\/{rel}","templated":true}]}}