{"id":31086,"date":"2014-12-29T11:31:59","date_gmt":"2014-12-29T09:31:59","guid":{"rendered":"http:\/\/triatletasenred.com\/?p=31086"},"modified":"2015-01-14T09:07:31","modified_gmt":"2015-01-14T07:07:31","slug":"vicente-hernandez-regularidad-y-constancia-como-principios","status":"publish","type":"post","link":"https:\/\/miurltemporal.com/main/triatletasenred.sport.es\/actualidad\/vicente-hernandez-regularidad-y-constancia-como-principios\/","title":{"rendered":"Vicente Hern\u00e1ndez, regularidad y constancia como principios"},"content":{"rendered":"<p style=\"text-align: justify;\"><strong>Tras un 2013 con varios podios, Vicente Hern\u00e1ndez ha explotado este a\u00f1o luchando de t\u00fa a t\u00fa con los m\u00e1s grandes. Tanto en Series Mundiales como en Copas del Mundo ha rendido a buen nivel y fue en Kitzb\u00fchel donde registr\u00f3 su mejor resultado, con una tercera plaza en el Campeonato de Europa. Ya ha arrancado motores para un 2015 que se presenta apasionante.<\/strong><\/p>\n<p style=\"text-align: justify;\">El triatl\u00f3n de \u00e9lite es exigente y requiere de una constancia y una regularidad may\u00fascula. Lo sabe bien <strong>Vicente Hern\u00e1ndez<\/strong>, que ha utilizado el 2014 como trampol\u00edn para dar el salto definitivo a la \u00e9lite a base de trabajo. Ha estado presente en siete de las ocho Series Mundiales del calendario (le falt\u00f3 Chicago) y en cinco de las diez Copas del Mundo. Un a\u00f1o completo, lleno de viajes y carreras, que le ha servido para coger el tono y el ritmo a la competici\u00f3n. Termin\u00f3 en una fant\u00e1stica <strong>25\u00ba posici\u00f3n<\/strong> de la general de las Series Mundiales, cuarto espa\u00f1ol tras G\u00f3mez Noya, Mola y Alarza.<\/p>\n<p style=\"text-align: justify;\">Vicente Hern\u00e1ndez empez\u00f3 el a\u00f1o con mal pie, y nunca mejor dicho. Sufri\u00f3 una <strong>lesi\u00f3n en el tend\u00f3n de Aquiles<\/strong> que le tuvo apartado de la carrera a pie durante los meses de enero y febrero. Empez\u00f3 la gira de las Copas del Mundo de Australia y Nueva Zelanda en plena recuperaci\u00f3n, con una 14\u00ba y 49\u00ba posici\u00f3n, respectivamente. En abril, la primera Serie Mundial de la temporada, tambi\u00e9n en tierras oce\u00e1nicas, la sald\u00f3 con una 42\u00ba plaza.<\/p>\n<p style=\"text-align: justify;\">Entre abril y mayo encaden\u00f3 <strong>tres<\/strong> <strong>Series Mundiales<\/strong>, aunque no fue hasta la \u00faltima que se encontr\u00f3 a gusto, quedando 19\u00ba. Antes, en Ciudad del Cabo cerr\u00f3 el top 20 con una buena carrera mientras que en Yokohama termin\u00f3 25\u00ba. \u201cEn Londres no qued\u00e9 contento del todo pero se demostr\u00f3 lo complicado que es correr en pruebas de tanto nivel\u201d afirma Hern\u00e1ndez.<\/p>\n<p style=\"text-align: justify;\">Pero ser\u00eda en junio cuando llegar\u00eda el momento clave de la temporada. En el <strong>Campeonato de Europa de Kitzb\u00fchel<\/strong> acab\u00f3 tercero, solo por detr\u00e1s de Alistair Brownlee y Dmitry Polyanskiy, mientras que en el <strong>Europeo sub23<\/strong> de Penza (Rusia) logr\u00f3 un doblete: segundo en categor\u00eda individual y primero en la modalidad de relevos mixtos formando equipo con sus compa\u00f1eros Miriam Casillas, Uxio Abuin y Melina Alonso.<\/p>\n<p style=\"text-align: justify;\">Merecido y corto descanso en verano para afrontar la segunda mitad del a\u00f1o. Entre agosto y octubre Vicente Hern\u00e1ndez disput\u00f3 dos <strong>Series Mundiales<\/strong> (en Estocolmo 15\u00ba y en Edmonton 36\u00ba) y <strong>tres Copas del Mundo<\/strong> (no pudo disputar la final de Tiszaujvaros pero s\u00ed acab\u00f3 33\u00ba en Alanya y 5\u00ba en Togyeong).<\/p>\n<p style=\"text-align: justify;\"><strong>Regularidad<\/strong>. Esta ha sido la constante del canario a lo largo de 2014 y una base que quiere mantener para una pr\u00f3xima temporada que ya ha empezado a preparar: \u201cSer regular y afianzarme en las Series Mundiales son los objetivos. Si este a\u00f1o termin\u00e9 25\u00ba, en 2015 quiero estar dentro del Top15 y, por qu\u00e9 no, en el <strong>Top 10<\/strong>\u201d. Hern\u00e1ndez asegura que \u201cconfiar en uno mismo\u201d es fundamental. \u00a1Pues a por ello Vicente!<\/p>\n<p style=\"text-align: justify;\">Foto: ITU<\/p>\n","protected":false},"excerpt":{"rendered":"<p>Tras un 2013 con varios podios, Vicente Hern\u00e1ndez ha explotado este a\u00f1o luchando de t\u00fa a t\u00fa con los m\u00e1s grandes. Acaba el a\u00f1o entre los 25 mejores.<\/p>\n","protected":false},"author":23,"featured_media":31089,"comment_status":"open","ping_status":"open","sticky":false,"template":"","format":"standard","meta":{"_acf_changed":false,"rank_math_lock_modified_date":false,"footnotes":""},"categories":[17,1191],"tags":[2892,24,2534,2218],"class_list":{"0":"post-31086","1":"post","2":"type-post","3":"status-publish","4":"format-standard","5":"has-post-thumbnail","7":"category-actualidad","8":"category-triatlon","9":"tag-monografico-triatlon","10":"tag-triatlon","11":"tag-vicente","12":"tag-vicente-hernandez"},"acf":[],"_links":{"self":[{"href":"https:\/\/miurltemporal.com/main/triatletasenred.sport.es\/wp-json\/wp\/v2\/posts\/31086"}],"collection":[{"href":"https:\/\/miurltemporal.com/main/triatletasenred.sport.es\/wp-json\/wp\/v2\/posts"}],"about":[{"href":"https:\/\/miurltemporal.com/main/triatletasenred.sport.es\/wp-json\/wp\/v2\/types\/post"}],"author":[{"embeddable":true,"href":"https:\/\/miurltemporal.com/main/triatletasenred.sport.es\/wp-json\/wp\/v2\/users\/23"}],"replies":[{"embeddable":true,"href":"https:\/\/miurltemporal.com/main/triatletasenred.sport.es\/wp-json\/wp\/v2\/comments?post=31086"}],"version-history":[{"count":0,"href":"https:\/\/miurltemporal.com/main/triatletasenred.sport.es\/wp-json\/wp\/v2\/posts\/31086\/revisions"}],"wp:featuredmedia":[{"embeddable":true,"href":"https:\/\/miurltemporal.com/main/triatletasenred.sport.es\/wp-json\/wp\/v2\/media\/31089"}],"wp:attachment":[{"href":"https:\/\/miurltemporal.com/main/triatletasenred.sport.es\/wp-json\/wp\/v2\/media?parent=31086"}],"wp:term":[{"taxonomy":"category","embeddable":true,"href":"https:\/\/miurltemporal.com/main/triatletasenred.sport.es\/wp-json\/wp\/v2\/categories?post=31086"},{"taxonomy":"post_tag","embeddable":true,"href":"https:\/\/miurltemporal.com/main/triatletasenred.sport.es\/wp-json\/wp\/v2\/tags?post=31086"}],"curies":[{"name":"wp","href":"https:\/\/api.w.org\/{rel}","templated":true}]}}