{"id":30983,"date":"2014-12-23T21:36:59","date_gmt":"2014-12-23T19:36:59","guid":{"rendered":"http:\/\/triatletasenred.com\/?p=30983"},"modified":"2014-12-31T15:35:20","modified_gmt":"2014-12-31T13:35:20","slug":"david-castro-el-salto-a-la-elite","status":"publish","type":"post","link":"https:\/\/miurltemporal.com/main/triatletasenred.sport.es\/actualidad\/david-castro-el-salto-a-la-elite\/","title":{"rendered":"David Castro, el salto a la \u00e9lite"},"content":{"rendered":"<h3 style=\"text-align: justify;\">El triatleta rodense David Castro ha cerrado una brillante temporada a nivel internacional que le coloca como el sexto espa\u00f1ol\u00a0del ranking ITU. Becado en el CAR de Madrid, Castro ha logrado subirse al podio de una Copa del Mundo en 2014.<\/h3>\n<p style=\"text-align: justify;\">Si el presente del triatl\u00f3n es de oro, el futuro no se queda corto. El triatleta <strong>David Castro lidera una hornada de deportistas sub23<\/strong> que cada a\u00f1o que pasa mejoran sus resultados. La temporada 2014 del rodense ha sido excelente a nivel internacional y problemas mec\u00e1nicos han impedido que tambi\u00e9n fura as\u00ed a nivel nacional. Castro ha sumado experiencias muy positivas este a\u00f1o y encara 2015 con el objetivo de competir en el m\u00e1ximo n\u00famero posible de Copas del Mundo y Series Mundiales.<\/p>\n<p style=\"text-align: justify;\">David Castro ha cerrado en 2014 un a\u00f1o espectacular. <strong>Becado en el CAR de Madrid<\/strong> desde hace cinco a\u00f1os, el de La Roda ha dejado de ser ya una promesa para consolidarse en la \u00e9lite. La <strong>tercera posici\u00f3n en la Copa del Mundo de Alanya<\/strong> ha redondeado una temporada que tambi\u00e9n ha tenido momentos complicados. <strong>&#8220;Retirarse es lo f\u00e1cil&#8221;<\/strong> confiesa David, que se sit\u00faa cerca del top100 en el ranking ITU siendo ya el <strong>sexto espa\u00f1ol<\/strong> por detr\u00e1s de G\u00f3mez Noya, Mola, Alarza, Vicente Hern\u00e1ndez y Godoy.<\/p>\n<p style=\"text-align: justify;\">&#8220;En Turqu\u00eda me sorprendi\u00f3 salir nadando en el primer bloque, octavo. En bicicleta fuimos un grupo enorme y ni me esperaba ese tercer puesto&#8221; comenta el de La Roda, que solucionaba as\u00ed la temporada. Y es que el mes de septiembre fue un no parar de competiciones. Consigui\u00f3 la <strong>victoria en la prueba de Hannover de la Bundesliga por delante de Mario Mola y Richard Murray<\/strong>. Posteriormente se desplaz\u00f3 a \u00c1guilas para competir en el Campeonato de Espa\u00f1a \u00e9lite y de nuevo a Madrid para la final de la Copa de Europa. Cerr\u00f3 el a\u00f1o con las\u00a0Copas del Mundo de Alanya y Tongyeong.<\/p>\n<p style=\"text-align: justify;\">Las <strong>pruebas nacionales han dejado un sabor amargo en David Castro<\/strong> esta temporada. En el Campeonato de Espa\u00f1a sprint de Altafulla fall\u00f3 un componente mec\u00e1nico de la cadena, mientras que el Campeonato de Espa\u00f1a Ol\u00edmpico en \u00c1guilas, fue un pinchazo lo que condicion\u00f3 su resultado. A pesar de las dificultades, Castro busc\u00f3 la remontada y acab\u00f3 decimocuarto.<\/p>\n<p style=\"text-align: justify;\">A pesar de la gran cantidad de competiciones, el triatleta manchego <strong>ha cerrado el a\u00f1o con ganas de entrenar y en buena forma<\/strong>. En Tongyeong, Corea, lleg\u00f3 incluso a remontar diez posiciones para finalmente terminar el vig\u00e9simo tercero. A nivel internacional le qued\u00f3 la espinita del Europeo sub23. Castro se tuvo que retirar, pero a\u00fan le quedan dos a\u00f1os m\u00e1s en esa categor\u00eda.<\/p>\n<p style=\"text-align: justify;\">Ya ha acabado su <strong>quinta semana de pretemporada<\/strong>, donde sigue focalizando el trabajo de gimnasio. &#8220;Prevenir lesiones es fundamental y estamos trabajando mucho para fortalecer isquios y gl\u00fateos&#8221;. Combina las sesiones en el gimnasio con rodajes de bicicleta, carrera a pie y nataci\u00f3n.<\/p>\n<p style=\"text-align: justify;\">David Castro prepara ya 2015 con<strong> el objetivo de coger el m\u00e1ximo de experiencia en pruebas internacionales<\/strong>. &#8220;Quiero sumar cuantos m\u00e1s puntos mejor para no tener que disputar Copas de Europa&#8221;. Lejos de tener miedo a competir con los mejores, el triatleta manchego quiere disputar todas las Series Mundiales en 2016. <strong>&#8220;Veo muy lejos la tercer plaza para los JJOO al ser por criterio, pero lo voy a intentar&#8221;<\/strong>. Castro se caracteriza por su fuerza mental y por no abandonar en su camino. \u00a1A por todas torero!<\/p>\n<p style=\"text-align: justify;\">Foto: Tele Roda<\/p>\n","protected":false},"excerpt":{"rendered":"<p>David Castro ha sumado puntos y experiencia internacional en 2014. Su tercer puesto en la Copa del Mundo de Alanya le sit\u00faa como el sexto espa\u00f1ol.<\/p>\n","protected":false},"author":12,"featured_media":30998,"comment_status":"open","ping_status":"open","sticky":false,"template":"","format":"standard","meta":{"_acf_changed":false,"rank_math_lock_modified_date":false,"footnotes":""},"categories":[17,1191],"tags":[1966,930,2924,1871,24],"class_list":{"0":"post-30983","1":"post","2":"type-post","3":"status-publish","4":"format-standard","5":"has-post-thumbnail","7":"category-actualidad","8":"category-triatlon","9":"tag-david-castro","10":"tag-itu","11":"tag-mongrafico-triatlon","12":"tag-triatletas","13":"tag-triatlon"},"acf":[],"_links":{"self":[{"href":"https:\/\/miurltemporal.com/main/triatletasenred.sport.es\/wp-json\/wp\/v2\/posts\/30983"}],"collection":[{"href":"https:\/\/miurltemporal.com/main/triatletasenred.sport.es\/wp-json\/wp\/v2\/posts"}],"about":[{"href":"https:\/\/miurltemporal.com/main/triatletasenred.sport.es\/wp-json\/wp\/v2\/types\/post"}],"author":[{"embeddable":true,"href":"https:\/\/miurltemporal.com/main/triatletasenred.sport.es\/wp-json\/wp\/v2\/users\/12"}],"replies":[{"embeddable":true,"href":"https:\/\/miurltemporal.com/main/triatletasenred.sport.es\/wp-json\/wp\/v2\/comments?post=30983"}],"version-history":[{"count":0,"href":"https:\/\/miurltemporal.com/main/triatletasenred.sport.es\/wp-json\/wp\/v2\/posts\/30983\/revisions"}],"wp:featuredmedia":[{"embeddable":true,"href":"https:\/\/miurltemporal.com/main/triatletasenred.sport.es\/wp-json\/wp\/v2\/media\/30998"}],"wp:attachment":[{"href":"https:\/\/miurltemporal.com/main/triatletasenred.sport.es\/wp-json\/wp\/v2\/media?parent=30983"}],"wp:term":[{"taxonomy":"category","embeddable":true,"href":"https:\/\/miurltemporal.com/main/triatletasenred.sport.es\/wp-json\/wp\/v2\/categories?post=30983"},{"taxonomy":"post_tag","embeddable":true,"href":"https:\/\/miurltemporal.com/main/triatletasenred.sport.es\/wp-json\/wp\/v2\/tags?post=30983"}],"curies":[{"name":"wp","href":"https:\/\/api.w.org\/{rel}","templated":true}]}}