{"id":30976,"date":"2014-12-23T11:39:57","date_gmt":"2014-12-23T09:39:57","guid":{"rendered":"http:\/\/triatletasenred.com\/?p=30976"},"modified":"2014-12-23T11:39:57","modified_gmt":"2014-12-23T09:39:57","slug":"entrena-con-miriam-casillas","status":"publish","type":"post","link":"https:\/\/miurltemporal.com/main/triatletasenred.sport.es\/competiciones\/triatlon\/entrena-con-miriam-casillas\/","title":{"rendered":"Entrena con Miriam Casillas"},"content":{"rendered":"<p style=\"text-align: justify;\">La triatleta pacense <strong>Miriam Casillas<\/strong> participar\u00e1 esta tarde en una jornada de convivencia donde se realizar\u00e1n actividades deportivas de introducci\u00f3n al triatl\u00f3n en nataci\u00f3n y carrera a pie. Los asistentes tendr\u00e1n la posibilidad de entrenar junto a la actual campeona de Espa\u00f1a de duatl\u00f3n y triatl\u00f3n. La cita ser\u00e1 este martes<strong> 23 de diciembre a las 16:15 en el complejo deportivo &#8220;La Granadilla&#8221; de Badajoz<\/strong>. La jornada se desarrolla en colaboraci\u00f3n con la Federaci\u00f3n Extreme\u00f1a de Triatl\u00f3n, el Triatl\u00f3n Pacense y el Ayuntamiento de Badajoz.<\/p>\n<p style=\"text-align: justify;\"><strong>Miriam Casillas<\/strong> fue <a href=\"http:\/\/t.co\/jIwyuadnDT\" target=\"_blank\" rel=\"nofollow\">protagonista la semana pasada en el especial<\/a> que estamos elaborando\u00a0desde Triatletas en Red, repasando el que ha sido su mejor a\u00f1o hasta ahora. La triatleta extreme\u00f1a ya entrena con la vista puesta en 2015.<\/p>\n<p><a href=\"https:\/\/miurltemporal.com/main/triatletasenred.sport.es\/wp-content\/uploads\/Entrena-con-Miriam-Casillas.jpg\"><img decoding=\"async\" class=\"wp-image-30977 aligncenter\" src=\"https:\/\/miurltemporal.com/main/triatletasenred.sport.es\/wp-content\/uploads\/Entrena-con-Miriam-Casillas.jpg\" alt=\"Entrena con Miriam Casillas\" width=\"185\" height=\"263\" srcset=\"https:\/\/miurltemporal.com/main/triatletasenred.sport.es\/wp-content\/uploads\/Entrena-con-Miriam-Casillas.jpg 599w, https:\/\/miurltemporal.com/main/triatletasenred.sport.es\/wp-content\/uploads\/Entrena-con-Miriam-Casillas-211x300.jpg 211w\" sizes=\"(max-width: 185px) 100vw, 185px\" \/><\/a><\/p>\n<p style=\"text-align: justify;\">Foto: FETRI<\/p>\n","protected":false},"excerpt":{"rendered":"<p>La triatleta pacense Miriam Casillas participar\u00e1 esta tarde en una jornada de convivencia donde se realizar\u00e1n actividades deportivas de introducci\u00f3n al triatl\u00f3n en nataci\u00f3n y carrera a pie. Los asistentes tendr\u00e1n la posibilidad de entrenar junto a la actual campeona de Espa\u00f1a de duatl\u00f3n y triatl\u00f3n. La cita ser\u00e1 este martes 23 de diciembre a [&hellip;]<\/p>\n","protected":false},"author":12,"featured_media":30803,"comment_status":"open","ping_status":"open","sticky":false,"template":"","format":"standard","meta":{"_acf_changed":false,"rank_math_lock_modified_date":false,"footnotes":""},"categories":[1191],"tags":[2891,146,2923,1967,923,24],"class_list":{"0":"post-30976","1":"post","2":"type-post","3":"status-publish","4":"format-standard","5":"has-post-thumbnail","7":"category-triatlon","8":"tag-casillas","9":"tag-entrenamiento","10":"tag-extremadura","11":"tag-miriam-casillas","12":"tag-triathlon","13":"tag-triatlon"},"acf":[],"_links":{"self":[{"href":"https:\/\/miurltemporal.com/main/triatletasenred.sport.es\/wp-json\/wp\/v2\/posts\/30976"}],"collection":[{"href":"https:\/\/miurltemporal.com/main/triatletasenred.sport.es\/wp-json\/wp\/v2\/posts"}],"about":[{"href":"https:\/\/miurltemporal.com/main/triatletasenred.sport.es\/wp-json\/wp\/v2\/types\/post"}],"author":[{"embeddable":true,"href":"https:\/\/miurltemporal.com/main/triatletasenred.sport.es\/wp-json\/wp\/v2\/users\/12"}],"replies":[{"embeddable":true,"href":"https:\/\/miurltemporal.com/main/triatletasenred.sport.es\/wp-json\/wp\/v2\/comments?post=30976"}],"version-history":[{"count":0,"href":"https:\/\/miurltemporal.com/main/triatletasenred.sport.es\/wp-json\/wp\/v2\/posts\/30976\/revisions"}],"wp:featuredmedia":[{"embeddable":true,"href":"https:\/\/miurltemporal.com/main/triatletasenred.sport.es\/wp-json\/wp\/v2\/media\/30803"}],"wp:attachment":[{"href":"https:\/\/miurltemporal.com/main/triatletasenred.sport.es\/wp-json\/wp\/v2\/media?parent=30976"}],"wp:term":[{"taxonomy":"category","embeddable":true,"href":"https:\/\/miurltemporal.com/main/triatletasenred.sport.es\/wp-json\/wp\/v2\/categories?post=30976"},{"taxonomy":"post_tag","embeddable":true,"href":"https:\/\/miurltemporal.com/main/triatletasenred.sport.es\/wp-json\/wp\/v2\/tags?post=30976"}],"curies":[{"name":"wp","href":"https:\/\/api.w.org\/{rel}","templated":true}]}}