{"id":30951,"date":"2014-12-22T14:42:12","date_gmt":"2014-12-22T12:42:12","guid":{"rendered":"http:\/\/triatletasenred.com\/?p=30951"},"modified":"2016-03-07T12:17:32","modified_gmt":"2016-03-07T10:17:32","slug":"ironman-anuncia-una-nueva-prueba-en-holanda","status":"publish","type":"post","link":"https:\/\/miurltemporal.com/main/triatletasenred.sport.es\/actualidad\/ironman-anuncia-una-nueva-prueba-en-holanda\/","title":{"rendered":"Ironman anuncia una nueva prueba en Holanda"},"content":{"rendered":"<p style=\"text-align: justify;\">La franquicia americana as\u00ed lo ha comunicado en su <a href=\"https:\/\/www.facebook.com\/IMEurope\/photos\/a.319552798095806.98290.280267468691006\/854413507943063\/?type=1&amp;theater\" target=\"_blank\" rel=\"nofollow noopener\">p\u00e1gina de Facebook<\/a> este lunes. Se disputar\u00e1 el pr\u00f3ximo<strong> 2 de agosto<\/strong> bajo el nombre de <strong>Ironman Maastricht-Limburg<\/strong>, integrado en el<strong> Ironman European Tour<\/strong>. La prueba recorrer\u00e1 alunas de las m\u00e1s famosas carreteras de los Pa\u00edses Bajos, un pa\u00eds con una importante tradici\u00f3n por la bicicleta.<\/p>\n<p style=\"text-align: justify;\">Foto: Ironman<\/p>\n","protected":false},"excerpt":{"rendered":"<p>Se disputar\u00e1 el pr\u00f3ximo 2 de agosto bajo el nombre de Ironman Maastricht-Limburg, integrado en el Ironman European Tour.<\/p>\n","protected":false},"author":12,"featured_media":30952,"comment_status":"open","ping_status":"open","sticky":false,"template":"","format":"standard","meta":{"_acf_changed":false,"rank_math_lock_modified_date":false,"footnotes":""},"categories":[17,19,1191],"tags":[4415,404,2633,3687],"class_list":{"0":"post-30951","1":"post","2":"type-post","3":"status-publish","4":"format-standard","5":"has-post-thumbnail","7":"category-actualidad","8":"category-competiciones","9":"category-triatlon","10":"tag-holanda","11":"tag-ironman","12":"tag-ironman-europe","13":"tag-ironman-european-tour"},"acf":[],"_links":{"self":[{"href":"https:\/\/miurltemporal.com/main/triatletasenred.sport.es\/wp-json\/wp\/v2\/posts\/30951"}],"collection":[{"href":"https:\/\/miurltemporal.com/main/triatletasenred.sport.es\/wp-json\/wp\/v2\/posts"}],"about":[{"href":"https:\/\/miurltemporal.com/main/triatletasenred.sport.es\/wp-json\/wp\/v2\/types\/post"}],"author":[{"embeddable":true,"href":"https:\/\/miurltemporal.com/main/triatletasenred.sport.es\/wp-json\/wp\/v2\/users\/12"}],"replies":[{"embeddable":true,"href":"https:\/\/miurltemporal.com/main/triatletasenred.sport.es\/wp-json\/wp\/v2\/comments?post=30951"}],"version-history":[{"count":0,"href":"https:\/\/miurltemporal.com/main/triatletasenred.sport.es\/wp-json\/wp\/v2\/posts\/30951\/revisions"}],"wp:featuredmedia":[{"embeddable":true,"href":"https:\/\/miurltemporal.com/main/triatletasenred.sport.es\/wp-json\/wp\/v2\/media\/30952"}],"wp:attachment":[{"href":"https:\/\/miurltemporal.com/main/triatletasenred.sport.es\/wp-json\/wp\/v2\/media?parent=30951"}],"wp:term":[{"taxonomy":"category","embeddable":true,"href":"https:\/\/miurltemporal.com/main/triatletasenred.sport.es\/wp-json\/wp\/v2\/categories?post=30951"},{"taxonomy":"post_tag","embeddable":true,"href":"https:\/\/miurltemporal.com/main/triatletasenred.sport.es\/wp-json\/wp\/v2\/tags?post=30951"}],"curies":[{"name":"wp","href":"https:\/\/api.w.org\/{rel}","templated":true}]}}