{"id":30947,"date":"2014-12-22T12:21:24","date_gmt":"2014-12-22T10:21:24","guid":{"rendered":"http:\/\/triatletasenred.com\/?p=30947"},"modified":"2015-01-14T09:11:03","modified_gmt":"2015-01-14T07:11:03","slug":"david-beckham-suena-con-el-ironman-de-hawai","status":"publish","type":"post","link":"https:\/\/miurltemporal.com/main/triatletasenred.sport.es\/actualidad\/david-beckham-suena-con-el-ironman-de-hawai\/","title":{"rendered":"David Beckham sue\u00f1a con el Ironman de Haw\u00e1i"},"content":{"rendered":"<h3 style=\"text-align: justify;\">Seg\u00fan informa la web <a href=\"http:\/\/www.triamax.com\/2014\/12\/21\/david-beckham-in-triathlon\/davidbeckhamb\/\" target=\"_blank\" rel=\"nofollow noopener\">triamax.com<\/a>, el ex futbolista tendr\u00eda como objetivo<strong> completar el Ironman de Haw\u00e1i<\/strong> en 2015. <strong>David Beckham<\/strong> se retir\u00f3 del f\u00fatbol el a\u00f1o pasado y sigue manteniendo una excelente forma f\u00edsica.<\/h3>\n<p style=\"text-align: justify;\">La fiebre del triatl\u00f3n, y especialmente de la franquicia<strong> Ironman<\/strong>, est\u00e1 llevando a muchos personajes famosos a competir en la que dicen es una de las modalidades m\u00e1s duras del deporte. El desaf\u00edo ha llamado a la puerta de <strong>David Beckham<\/strong>, que podr\u00eda estar prepar\u00e1ndose para competir en la meca del triatl\u00f3n, Kona, el a\u00f1o que viene.<\/p>\n<p style=\"text-align: justify;\">Las informaciones de triamax.com hablan de una figura clave para que Beckham se fijara en el deporte de las transiciones: <strong>el chef Gordon Ramsay, \u00edntimo amigo del ex futbolista<\/strong>. Ramsay ya complet\u00f3 el Ironman de Kona en 2013 y una lesi\u00f3n le impidi\u00f3 hacer lo proppio en 2014. Seg\u00fan esta misma informaci\u00f3n la familia Beckham est\u00e1 alojada en casa del chef y ser\u00eda el campe\u00f3n del mundo <strong>Craig Alexander el que estar\u00eda preparando los planes de entrenamiento<\/strong> de Ramsay y Beckham.<\/p>\n<p style=\"text-align: justify;\">Despu\u00e9s de su retirada, David Beckham sigue con hambre de <strong>nuevos desaf\u00edos<\/strong> y podr\u00eda haber puesto el punto de mira en el Ironman de Haw\u00e1i. La franquicia americana est\u00e1 al corriente de la idea, que supondr\u00eda un <strong>impacto medi\u00e1tico de grandes dimensiones<\/strong>. En una entrevista para Triathlete Europa,<strong> el CEO de Ironman Andrew Messick no quiso a\u00fan confirmar la noticia<\/strong>.<\/p>\n<p style=\"text-align: justify;\">Foto: TRIAMAX<\/p>\n","protected":false},"excerpt":{"rendered":"<p>Seg\u00fan informa la web triamax.com, el ex futbolista David Beckham tendr\u00eda como objetivo completar el Ironman de Haw\u00e1i en 2015.<\/p>\n","protected":false},"author":12,"featured_media":30949,"comment_status":"open","ping_status":"open","sticky":false,"template":"","format":"standard","meta":{"_acf_changed":false,"rank_math_lock_modified_date":false,"footnotes":""},"categories":[17,19],"tags":[2839,819],"class_list":{"0":"post-30947","1":"post","2":"type-post","3":"status-publish","4":"format-standard","5":"has-post-thumbnail","7":"category-actualidad","8":"category-competiciones","9":"tag-fuerteventura","10":"tag-javier-gomez-noya"},"acf":[],"_links":{"self":[{"href":"https:\/\/miurltemporal.com/main/triatletasenred.sport.es\/wp-json\/wp\/v2\/posts\/30947"}],"collection":[{"href":"https:\/\/miurltemporal.com/main/triatletasenred.sport.es\/wp-json\/wp\/v2\/posts"}],"about":[{"href":"https:\/\/miurltemporal.com/main/triatletasenred.sport.es\/wp-json\/wp\/v2\/types\/post"}],"author":[{"embeddable":true,"href":"https:\/\/miurltemporal.com/main/triatletasenred.sport.es\/wp-json\/wp\/v2\/users\/12"}],"replies":[{"embeddable":true,"href":"https:\/\/miurltemporal.com/main/triatletasenred.sport.es\/wp-json\/wp\/v2\/comments?post=30947"}],"version-history":[{"count":0,"href":"https:\/\/miurltemporal.com/main/triatletasenred.sport.es\/wp-json\/wp\/v2\/posts\/30947\/revisions"}],"wp:featuredmedia":[{"embeddable":true,"href":"https:\/\/miurltemporal.com/main/triatletasenred.sport.es\/wp-json\/wp\/v2\/media\/30949"}],"wp:attachment":[{"href":"https:\/\/miurltemporal.com/main/triatletasenred.sport.es\/wp-json\/wp\/v2\/media?parent=30947"}],"wp:term":[{"taxonomy":"category","embeddable":true,"href":"https:\/\/miurltemporal.com/main/triatletasenred.sport.es\/wp-json\/wp\/v2\/categories?post=30947"},{"taxonomy":"post_tag","embeddable":true,"href":"https:\/\/miurltemporal.com/main/triatletasenred.sport.es\/wp-json\/wp\/v2\/tags?post=30947"}],"curies":[{"name":"wp","href":"https:\/\/api.w.org\/{rel}","templated":true}]}}