{"id":30851,"date":"2014-12-17T20:30:40","date_gmt":"2014-12-17T18:30:40","guid":{"rendered":"http:\/\/triatletasenred.com\/?p=30851"},"modified":"2016-03-08T15:05:23","modified_gmt":"2016-03-08T13:05:23","slug":"vota-la-mejor-foto-de-las-series-mundiales-de-hamburgo","status":"publish","type":"post","link":"https:\/\/miurltemporal.com/main/triatletasenred.sport.es\/en-red\/vota-la-mejor-foto-de-las-series-mundiales-de-hamburgo\/","title":{"rendered":"Vota la mejor foto de las Series Mundiales de Hamburgo"},"content":{"rendered":"<p style=\"text-align: justify;\">La p\u00e1gina web de la Federaci\u00f3n Internacional de Triatl\u00f3n (ITU) ha abierto un nuevo <strong>concurso de fotograf\u00eda<\/strong> con la <strong>Serie Mundial de Hamburgo<\/strong>\u00a0como protagonista. De esta manera, la ITU invita a los internautas a votar las mejores im\u00e1genes en una selecci\u00f3n de fotos hechas por el fot\u00f3grafo oficial de la competici\u00f3n, <strong>Delly Carr<\/strong>. La foto ganadora sale de una pre selecci\u00f3n de ocho fotos, algunas de las cuales protagonizan los triatletas espa\u00f1oles como Javier G\u00f3mez Noya o Ainhoa Mur\u00faa.\u00a0La de Hamburgo es la Serie Mundial que la mayor\u00eda de triatletas destacan como la m\u00e1s espectacular por la cantidad de p\u00fablico que se aglutina en el centro de la ciudad los dos d\u00edas de competici\u00f3n.<\/p>\n<p style=\"text-align: justify;\">Las votaciones se pueden realizar en este <a href=\"http:\/\/www.triathlon.org\/news\/article\/photo_competition_hamburg\" target=\"_blank\" rel=\"nofollow noopener\">enlace<\/a>.<\/p>\n<p style=\"text-align: justify;\">Foto: Delly Carr<\/p>\n","protected":false},"excerpt":{"rendered":"<p>La p\u00e1gina web de la Federaci\u00f3n Internacional de Triatl\u00f3n (ITU) ha abierto un nuevo concurso de fotograf\u00eda con la Serie Mundial de Hamburgo\u00a0como protagonista. De esta manera, la ITU invita a los internautas a votar las mejores im\u00e1genes en una selecci\u00f3n de fotos hechas por el fot\u00f3grafo oficial de la competici\u00f3n, Delly Carr. La foto [&hellip;]<\/p>\n","protected":false},"author":12,"featured_media":30852,"comment_status":"open","ping_status":"open","sticky":false,"template":"","format":"standard","meta":{"_acf_changed":false,"rank_math_lock_modified_date":false,"footnotes":""},"categories":[16,1191],"tags":[136,661,2278,2907,923,2004],"class_list":{"0":"post-30851","1":"post","2":"type-post","3":"status-publish","4":"format-standard","5":"has-post-thumbnail","7":"category-en-red","8":"category-triatlon","9":"tag-concurso","10":"tag-fotos","11":"tag-hamburgo","12":"tag-itu-hamburgo","13":"tag-triathlon","14":"tag-world-triathlon-series-mundiales"},"acf":[],"_links":{"self":[{"href":"https:\/\/miurltemporal.com/main/triatletasenred.sport.es\/wp-json\/wp\/v2\/posts\/30851"}],"collection":[{"href":"https:\/\/miurltemporal.com/main/triatletasenred.sport.es\/wp-json\/wp\/v2\/posts"}],"about":[{"href":"https:\/\/miurltemporal.com/main/triatletasenred.sport.es\/wp-json\/wp\/v2\/types\/post"}],"author":[{"embeddable":true,"href":"https:\/\/miurltemporal.com/main/triatletasenred.sport.es\/wp-json\/wp\/v2\/users\/12"}],"replies":[{"embeddable":true,"href":"https:\/\/miurltemporal.com/main/triatletasenred.sport.es\/wp-json\/wp\/v2\/comments?post=30851"}],"version-history":[{"count":0,"href":"https:\/\/miurltemporal.com/main/triatletasenred.sport.es\/wp-json\/wp\/v2\/posts\/30851\/revisions"}],"wp:featuredmedia":[{"embeddable":true,"href":"https:\/\/miurltemporal.com/main/triatletasenred.sport.es\/wp-json\/wp\/v2\/media\/30852"}],"wp:attachment":[{"href":"https:\/\/miurltemporal.com/main/triatletasenred.sport.es\/wp-json\/wp\/v2\/media?parent=30851"}],"wp:term":[{"taxonomy":"category","embeddable":true,"href":"https:\/\/miurltemporal.com/main/triatletasenred.sport.es\/wp-json\/wp\/v2\/categories?post=30851"},{"taxonomy":"post_tag","embeddable":true,"href":"https:\/\/miurltemporal.com/main/triatletasenred.sport.es\/wp-json\/wp\/v2\/tags?post=30851"}],"curies":[{"name":"wp","href":"https:\/\/api.w.org\/{rel}","templated":true}]}}