{"id":30827,"date":"2014-12-17T18:07:06","date_gmt":"2014-12-17T16:07:06","guid":{"rendered":"http:\/\/triatletasenred.com\/?p=30827"},"modified":"2016-03-08T15:15:03","modified_gmt":"2016-03-08T13:15:03","slug":"cesc-godoy","status":"publish","type":"post","link":"https:\/\/miurltemporal.com/main/triatletasenred.sport.es\/actualidad\/cesc-godoy\/","title":{"rendered":"Cesc Godoy, un a\u00f1o m\u00e1s en la \u00e9lite"},"content":{"rendered":"<h5 style=\"text-align: justify;\">De menos a m\u00e1s, el triatleta catal\u00e1n ha completado un a\u00f1o 2014 que ha tenido de todo pero que ha terminado con una victoria, en la Copa de \u00c1frica de Agadir. Manteniendo la apuesta por la distancia ol\u00edmpica, Cesc Godoy afronta el 2015 &#8220;con muchas ganas&#8221; y con el preol\u00edmpico de R\u00edo en el punto de mira.<\/h5>\n<p style=\"text-align: justify;\">Lo que bien empieza bien acaba, dice el refr\u00e1n. \u00bfY si mal empieza\u2026 c\u00f3mo acaba? Seguramente, eso se pregunt\u00f3 <strong>Francesc Godoy<\/strong> cuando, en sus primeras carreras del a\u00f1o, no obtuvo los resultados esperados. Tampoco es que centrara todos sus esfuerzos en la competici\u00f3n, ya que puso su objetivo en los entrenamientos, pero en el d\u00eda D estuvo lejos de la cabeza de carrera. Una 21\u00ba posici\u00f3n en las <strong>Series Mundiales<\/strong> de Ciudad del Cabo y una 37\u00ba en las de Londres lo demuestran.<\/p>\n<p style=\"text-align: justify;\">El catal\u00e1n aprovecho su participaci\u00f3n en el Mundial, un escenario complicado y de nivel, para estar en el Grand Prix franc\u00e9s, donde el resultado fue positivo, y para formar parte de la l\u00ednea de salida del <strong>Campeonato de Europa de Triatl\u00f3n<\/strong> en Kitzb\u00fchel, donde termin\u00f3 24\u00ba. Sensaciones encontradas y resultados algo lejos de lo deseado. Un escenario que no mejor\u00f3 con la vuelta a las Series Mundiales, donde Godoy termin\u00f3 48\u00ba y 57\u00ba en Chicago y Hamburgo, respectivamente.<\/p>\n<p style=\"text-align: justify;\">Descanso. Eso es lo que tocaba. \u201cParar y coger un poco de aire fue un acierto ya que despu\u00e9s me encontr\u00e9 muy bien\u201d comenta Godoy. As\u00ed lo refleja su <strong>Top 10<\/strong> (9\u00ba) en la impronunciable ciudad de Tiszaujvaros. Un mes de agosto apretado, donde vol\u00f3 tambi\u00e9n hasta Estocolmo y Edmonton para realizar sendas Series Mundiales. Tambi\u00e9n lejos de los primeros puestos pero con una perspectiva diferente.<\/p>\n<p style=\"text-align: justify;\">Una temporada 2014 donde Godoy ha variado competiciones, desde exigentes Series Mundiales hasta Copas del Mundo pasando, por ejemplo, por el <strong>Garmin Barcelona<\/strong>, una de sus citas preferidas. Rodeado de los suyos, termin\u00f3 3\u00ba y se lo puso dif\u00edcil a G\u00f3mez Noya y Mola. Quiz\u00e1 gracias a ese resultado, las sensaciones mejoraron en la Copa del Mundo de Tongyeong. \u201cAll\u00ed, la verdad, me encontr\u00e9 muy c\u00f3modo\u201d.<\/p>\n<p style=\"text-align: justify;\">Normalmente, los triatletas acaban el a\u00f1o pidiendo la hora. No fue el caso de Godoy, que decidi\u00f3 bajar la persiana en Agadir, en la <strong>Copa de \u00c1frica<\/strong>. Una decisi\u00f3n muy acertada ya que acab\u00f3 en <strong>victoria<\/strong>.<\/p>\n<p style=\"text-align: justify;\">\u201cMe gusta mucho la distancia ol\u00edmpica, se adapta bien a mis caracter\u00edsticas\u201d. Bajo esta premisa, el catal\u00e1n plantea un 2015 con la mirada puesta, entre otros objetivos, en el <strong>triatl\u00f3n clasificatorio para los Juegos Ol\u00edmpicos de R\u00edo<\/strong> 2016 que se celebrar\u00e1 el 1 de agosto en la misma ciudad brasile\u00f1a. Las Series Mundiales, empezando por Abu Dhabi, y otras competiciones tambi\u00e9n estar\u00e1n presentes en el calendario. Respecto a las primeras, Godoy cree que la competencia espa\u00f1ola a\u00fan ser\u00e1 mayor: \u201cAlarza y Vicente Hern\u00e1ndez tendr\u00e1n m\u00e1s experiencia y, posiblemente, dar\u00e1 el salto David Castro, que viene muy fuerte\u201d. \u00a1Fuerza, Cesc!<\/p>\n<p>Foto: ITU<\/p>\n<p><a href=\"http:\/\/www.alpetriathlon.com\/en\" target=\"_blank\" rel=\"nofollow noopener\"><img fetchpriority=\"high\" decoding=\"async\" class=\"aligncenter size-full wp-image-30337\" src=\"https:\/\/miurltemporal.com/main/triatletasenred.sport.es\/wp-content\/uploads\/10e-Triathlon-Alpe-dHuez-Banni\u00e8re-web-ESP-700x90.gif\" alt=\"10e Triathlon Alpe d'Huez - Banni\u00e8re web ESP - 700x90\" width=\"700\" height=\"90\" \/><\/a><\/p>\n","protected":false},"excerpt":{"rendered":"<p>De menos a m\u00e1s, Cesc Godoy ha completado un a\u00f1o 2014 que ha tenido de todo pero que ha terminado con una victoria, en la Copa de \u00c1frica de Agadir.<\/p>\n","protected":false},"author":23,"featured_media":30831,"comment_status":"open","ping_status":"open","sticky":false,"template":"","format":"standard","meta":{"_acf_changed":false,"rank_math_lock_modified_date":false,"footnotes":""},"categories":[17,1191],"tags":[437,1160,930,2892,24,2004],"class_list":{"0":"post-30827","1":"post","2":"type-post","3":"status-publish","4":"format-standard","5":"has-post-thumbnail","7":"category-actualidad","8":"category-triatlon","9":"tag-cesc-godoy","10":"tag-godoy","11":"tag-itu","12":"tag-monografico-triatlon","13":"tag-triatlon","14":"tag-world-triathlon-series-mundiales"},"acf":[],"_links":{"self":[{"href":"https:\/\/miurltemporal.com/main/triatletasenred.sport.es\/wp-json\/wp\/v2\/posts\/30827"}],"collection":[{"href":"https:\/\/miurltemporal.com/main/triatletasenred.sport.es\/wp-json\/wp\/v2\/posts"}],"about":[{"href":"https:\/\/miurltemporal.com/main/triatletasenred.sport.es\/wp-json\/wp\/v2\/types\/post"}],"author":[{"embeddable":true,"href":"https:\/\/miurltemporal.com/main/triatletasenred.sport.es\/wp-json\/wp\/v2\/users\/23"}],"replies":[{"embeddable":true,"href":"https:\/\/miurltemporal.com/main/triatletasenred.sport.es\/wp-json\/wp\/v2\/comments?post=30827"}],"version-history":[{"count":0,"href":"https:\/\/miurltemporal.com/main/triatletasenred.sport.es\/wp-json\/wp\/v2\/posts\/30827\/revisions"}],"wp:featuredmedia":[{"embeddable":true,"href":"https:\/\/miurltemporal.com/main/triatletasenred.sport.es\/wp-json\/wp\/v2\/media\/30831"}],"wp:attachment":[{"href":"https:\/\/miurltemporal.com/main/triatletasenred.sport.es\/wp-json\/wp\/v2\/media?parent=30827"}],"wp:term":[{"taxonomy":"category","embeddable":true,"href":"https:\/\/miurltemporal.com/main/triatletasenred.sport.es\/wp-json\/wp\/v2\/categories?post=30827"},{"taxonomy":"post_tag","embeddable":true,"href":"https:\/\/miurltemporal.com/main/triatletasenred.sport.es\/wp-json\/wp\/v2\/tags?post=30827"}],"curies":[{"name":"wp","href":"https:\/\/api.w.org\/{rel}","templated":true}]}}